{"id":268,"date":"2021-04-16T16:15:06","date_gmt":"2021-04-16T19:15:06","guid":{"rendered":"https:\/\/www3.unicentro.br\/galeriavirtual\/?p=268"},"modified":"2021-04-16T16:15:06","modified_gmt":"2021-04-16T19:15:06","slug":"a-sociedade","status":"publish","type":"post","link":"https:\/\/www3.unicentro.br\/galeriavirtual\/2021\/04\/16\/a-sociedade\/","title":{"rendered":"A Sociedade"},"content":{"rendered":"<p style=\"text-align: justify\">Uma sociedade \u00e9 composta por um grupo de pessoas que convivem no mesmo espa\u00e7o, por\u00e9m na sociedade em que vivemos somos um grande grupo dividido em tr\u00eas subgrupos que fazem com que a sociedade funcione como um todo visando um modelo capitalista, que devasta alma e sonhos. O objetivo do trabalho se baseia em uma cr\u00edtica sinuosa, que perpassa por lugares que os espectadores muitas vezes n\u00e3o percebem, no intuito de acord\u00e1-los deste coma induzido. Os subgrupos s\u00e3o eles, os detentores do capital, dos meios de produ\u00e7\u00e3o, das estruturas que alicer\u00e7am vidas de milhares de pessoas e que nada mais \u00e9, que a classe dominante, que domina, que n\u00e3o afaga e nem acaricia, muito pelo contr\u00e1rio, que mata. Por mais que sejam o subgrupo com menos pessoas, s\u00e3o os que mais adquirem poder na sociedade e o utiliza para se manterem em domin\u00e2ncia e permanentes. O proletariado que det\u00e9m a for\u00e7a de trabalho, a m\u00e3o suada, calejada, amortecida e desfavorecida. Que a todo custo \u00e9 mantida em uma aliena\u00e7\u00e3o dormente, recortada e sem perspectivas de melhora. Na obra, a inten\u00e7\u00e3o \u00e9 mant\u00ea-la a mostra, demonstrando seu poder e sua verdadeira for\u00e7a, afim de que o espectador se relacione, se comova, se envolva e tome consci\u00eancia de sua classe. E os que vivem em extrema pobreza, muitas vezes esquecidos pelos demais na sociedade neles se enquadram. Moradores de rua e fam\u00edlias que vivem no mapa da fome, subnutridos e com uma vulnerabilidade m\u00faltipla. Na obra s\u00e3o representados por um emaranhado, sem fim, remetendo a dificuldade que se tem de sair da situa\u00e7\u00e3o de pobreza extrema. A obra n\u00e3o possui intuito de estar encerrada, acabada ou at\u00e9 mesmo dada como padr\u00e3o, e sim ser fonte de refer\u00eancia visual para aqueles que precisam de um respiro ao entenderem que todo sofrimento do proletariado e dos marcados pelo mapa da fome, saibam que n\u00e3o est\u00e3o solit\u00e1rios. A luta permanece intacta e soberana. Sempre.<\/p>\n<p>Palavras-chave: Processo Criativo. Sociedade. Capitalismo.<\/p>\n<p>&nbsp;<\/p>\n<p><strong>Autor: Luis Rodrigo do Pilar; Graziella Medeiros Guadagnini<\/strong><\/p>\n<p>&nbsp;<\/p>\n<p><img loading=\"lazy\" decoding=\"async\" class=\"alignnone size-medium wp-image-269\" src=\"https:\/\/www3.unicentro.br\/galeriavirtual\/wp-content\/uploads\/sites\/102\/2021\/04\/RODRE-206x300.jpg\" alt=\"\" width=\"206\" height=\"300\" srcset=\"https:\/\/www3.unicentro.br\/galeriavirtual\/wp-content\/uploads\/sites\/102\/2021\/04\/RODRE-206x300.jpg 206w, https:\/\/www3.unicentro.br\/galeriavirtual\/wp-content\/uploads\/sites\/102\/2021\/04\/RODRE-704x1024.jpg 704w, https:\/\/www3.unicentro.br\/galeriavirtual\/wp-content\/uploads\/sites\/102\/2021\/04\/RODRE-768x1117.jpg 768w, https:\/\/www3.unicentro.br\/galeriavirtual\/wp-content\/uploads\/sites\/102\/2021\/04\/RODRE-255x371.jpg 255w, https:\/\/www3.unicentro.br\/galeriavirtual\/wp-content\/uploads\/sites\/102\/2021\/04\/RODRE.jpg 825w\" sizes=\"auto, (max-width: 206px) 100vw, 206px\" \/><\/p>\n","protected":false},"excerpt":{"rendered":"<p>Uma sociedade \u00e9 composta por um grupo de pessoas que convivem no mesmo espa\u00e7o, por\u00e9m na sociedade em que vivemos somos um grande grupo dividido em tr\u00eas subgrupos que fazem com que a sociedade funcione como um todo visando um modelo capitalista, que devasta alma e sonhos. O objetivo do trabalho se baseia em uma [&hellip;]<\/p>\n","protected":false},"author":266,"featured_media":269,"comment_status":"open","ping_status":"open","sticky":false,"template":"","format":"gallery","meta":{"_exactmetrics_skip_tracking":false,"_exactmetrics_sitenote_active":false,"_exactmetrics_sitenote_note":"","_exactmetrics_sitenote_category":0,"footnotes":"","_links_to":"","_links_to_target":""},"categories":[56,55],"tags":[57,58],"class_list":["post-268","post","type-post","status-publish","format-gallery","has-post-thumbnail","hentry","category-56","category-mostra-de-arte-2021","tag-57","tag-mostra-de-arte-2021","post_format-post-format-gallery"],"_links":{"self":[{"href":"https:\/\/www3.unicentro.br\/galeriavirtual\/wp-json\/wp\/v2\/posts\/268","targetHints":{"allow":["GET"]}}],"collection":[{"href":"https:\/\/www3.unicentro.br\/galeriavirtual\/wp-json\/wp\/v2\/posts"}],"about":[{"href":"https:\/\/www3.unicentro.br\/galeriavirtual\/wp-json\/wp\/v2\/types\/post"}],"author":[{"embeddable":true,"href":"https:\/\/www3.unicentro.br\/galeriavirtual\/wp-json\/wp\/v2\/users\/266"}],"replies":[{"embeddable":true,"href":"https:\/\/www3.unicentro.br\/galeriavirtual\/wp-json\/wp\/v2\/comments?post=268"}],"version-history":[{"count":0,"href":"https:\/\/www3.unicentro.br\/galeriavirtual\/wp-json\/wp\/v2\/posts\/268\/revisions"}],"wp:featuredmedia":[{"embeddable":true,"href":"https:\/\/www3.unicentro.br\/galeriavirtual\/wp-json\/wp\/v2\/media\/269"}],"wp:attachment":[{"href":"https:\/\/www3.unicentro.br\/galeriavirtual\/wp-json\/wp\/v2\/media?parent=268"}],"wp:term":[{"taxonomy":"category","embeddable":true,"href":"https:\/\/www3.unicentro.br\/galeriavirtual\/wp-json\/wp\/v2\/categories?post=268"},{"taxonomy":"post_tag","embeddable":true,"href":"https:\/\/www3.unicentro.br\/galeriavirtual\/wp-json\/wp\/v2\/tags?post=268"}],"curies":[{"name":"wp","href":"https:\/\/api.w.org\/{rel}","templated":true}]}}