{"id":265,"date":"2021-04-17T15:42:54","date_gmt":"2021-04-17T18:42:54","guid":{"rendered":"https:\/\/www3.unicentro.br\/galeriavirtual\/?p=265"},"modified":"2021-04-17T15:43:11","modified_gmt":"2021-04-17T18:43:11","slug":"ancestralidade","status":"publish","type":"post","link":"https:\/\/www3.unicentro.br\/galeriavirtual\/2021\/04\/17\/ancestralidade\/","title":{"rendered":"Ancestralidade"},"content":{"rendered":"<div class=\"wpb-content-wrapper\"><p>[vc_row][vc_column][vc_column_text]<\/p>\n<p style=\"text-align: justify\">Trata-se da apresenta\u00e7\u00e3o do objeto art\u00edstico \u2013 v\u00eddeo que apresenta um espet\u00e1culo de Lambelambe &#8211; resultado final de processo desenvolvido durante minhas pesquisas voltadas ao meu Trabalho de Conclus\u00e3o de Curso (TCC) da gradua\u00e7\u00e3o em Arte\/Unicentro. O intuito foi o de desenvolver um processo criativo em po\u00e9tica pessoal em teatro de formas animadas que resultasse em um espet\u00e1culo de Lambe-lambe. Disto decorreu pesquisar diferentes grupos profissionais de teatro de formas animadas; estudar o teatro Lambe-lambe e apresentar o espet\u00e1culo Lambe-lambe. Apesar de o foco ser em processos criativos em arte, de in\u00edcio envolveu pesquisa bibliogr\u00e1fica. Como aporte te\u00f3rico os autores Pedro Luiz Cobra com sua disserta\u00e7\u00e3o O teatro lambe-lambe: sua hist\u00f3ria e poesia do pequeno (2017) e a autora Fayga Ostrower no seu livro Criatividade e processos de cria\u00e7\u00e3o (1987). E tamb\u00e9m os grupos e companhias de teatro Lambe-lambe Cia. PlastikOn\u00edrica; N\u00facleo de pesquisa de teatro lambe-lambe Teatro de Caixeiros e o Grupo Girino. A ideia primeira, de apresentar o teatro lambe-lambe n\u00e3o foi poss\u00edvel devido \u00e0 pandemia. Da\u00ed a op\u00e7\u00e3o por registrar em v\u00eddeo o objeto art\u00edstico final para a Mostra de Arte do DEART\/abril 2021. A motiva\u00e7\u00e3o para criar um espet\u00e1culo em teatro lambe-lambe adveio, em primeiro lugar, da minha ancestralidade ucraniana, seguida do desejo de desenvolver um processo criativo art\u00edstico. Tal ato possibilitou desenvolver a arte em mim, medida primeira para exercer o papel de professora e poder ensinar e criar arte faz parte deste processo. A feitura e conclus\u00e3o desse projeto possibilitaram tamb\u00e9m \u00e0 minha forma\u00e7\u00e3o acad\u00eamica o privil\u00e9gio de aumentar meu repert\u00f3rio de grupos teatrais na modalidade das formas animadas, e em espec\u00edfico, os de lambe-lambe, bem como entender as particularidades da t\u00e9cnica deste g\u00eanero teatral o que certamente utilizarei no decorrer do meu trabalho como professora de arte. A conex\u00e3o com a for\u00e7a de meus ancestrais e da simbologia a qual utilizei para a cria\u00e7\u00e3o da cena em quest\u00e3o me oportunizaram adentrar neste universo do teatro lambe-lambe e trouxe o desejo de continuar a desenvolver outros espet\u00e1culos nessa modalidade.<\/p>\n<p style=\"text-align: justify\">Palavras-chave: Teatro de Formas Animadas. Processo Criativo em Po\u00e9tica Pessoal. LambeLambe. Povos Eslavos.<\/p>\n<p>&nbsp;<\/p>\n<p><strong>Autora: Hellen Jaine Winyk; M\u00e1rcia Cristina Cebulski.<\/strong>[\/vc_column_text][\/vc_column][\/vc_row][vc_row][vc_column][vc_video link=&#8221;https:\/\/www.youtube.com\/watch?v=nBZ116O3mGk&amp;list=PL32wtGFmjO5mLl55DrRjMzX8rpSsBj9jT&amp;index=7&#8243;][\/vc_column][\/vc_row]<\/p>\n<\/div>","protected":false},"excerpt":{"rendered":"<p>[vc_row][vc_column][vc_column_text] Trata-se da apresenta\u00e7\u00e3o do objeto art\u00edstico \u2013 v\u00eddeo que apresenta um espet\u00e1culo de Lambelambe &#8211; resultado final de processo desenvolvido durante minhas pesquisas voltadas ao meu Trabalho de Conclus\u00e3o de Curso (TCC) da gradua\u00e7\u00e3o em Arte\/Unicentro. O intuito foi o de desenvolver um processo criativo em po\u00e9tica pessoal em teatro de formas animadas que [&hellip;]<\/p>\n","protected":false},"author":266,"featured_media":0,"comment_status":"open","ping_status":"open","sticky":false,"template":"","format":"standard","meta":{"_exactmetrics_skip_tracking":false,"_exactmetrics_sitenote_active":false,"_exactmetrics_sitenote_note":"","_exactmetrics_sitenote_category":0,"footnotes":"","_links_to":"","_links_to_target":""},"categories":[56,55],"tags":[57,58],"class_list":["post-265","post","type-post","status-publish","format-standard","hentry","category-56","category-mostra-de-arte-2021","tag-57","tag-mostra-de-arte-2021"],"_links":{"self":[{"href":"https:\/\/www3.unicentro.br\/galeriavirtual\/wp-json\/wp\/v2\/posts\/265","targetHints":{"allow":["GET"]}}],"collection":[{"href":"https:\/\/www3.unicentro.br\/galeriavirtual\/wp-json\/wp\/v2\/posts"}],"about":[{"href":"https:\/\/www3.unicentro.br\/galeriavirtual\/wp-json\/wp\/v2\/types\/post"}],"author":[{"embeddable":true,"href":"https:\/\/www3.unicentro.br\/galeriavirtual\/wp-json\/wp\/v2\/users\/266"}],"replies":[{"embeddable":true,"href":"https:\/\/www3.unicentro.br\/galeriavirtual\/wp-json\/wp\/v2\/comments?post=265"}],"version-history":[{"count":0,"href":"https:\/\/www3.unicentro.br\/galeriavirtual\/wp-json\/wp\/v2\/posts\/265\/revisions"}],"wp:attachment":[{"href":"https:\/\/www3.unicentro.br\/galeriavirtual\/wp-json\/wp\/v2\/media?parent=265"}],"wp:term":[{"taxonomy":"category","embeddable":true,"href":"https:\/\/www3.unicentro.br\/galeriavirtual\/wp-json\/wp\/v2\/categories?post=265"},{"taxonomy":"post_tag","embeddable":true,"href":"https:\/\/www3.unicentro.br\/galeriavirtual\/wp-json\/wp\/v2\/tags?post=265"}],"curies":[{"name":"wp","href":"https:\/\/api.w.org\/{rel}","templated":true}]}}