{"id":232,"date":"2021-04-16T15:37:47","date_gmt":"2021-04-16T18:37:47","guid":{"rendered":"https:\/\/www3.unicentro.br\/galeriavirtual\/?p=232"},"modified":"2021-04-16T15:38:51","modified_gmt":"2021-04-16T18:38:51","slug":"light-paint-paint-in-light-a-arte-de-pintar-com-a-luz","status":"publish","type":"post","link":"https:\/\/www3.unicentro.br\/galeriavirtual\/2021\/04\/16\/light-paint-paint-in-light-a-arte-de-pintar-com-a-luz\/","title":{"rendered":"Light paint, Paint in light: A Arte de Pintar com a Luz"},"content":{"rendered":"<p>Fotografar \u00e9 imortalizar um momento \u00fanico, ao qual n\u00e3o se poder\u00e1 mais voltar, se n\u00e3o por meio daqueles registros. Nada mais que um simples clique, um momento, um \u00fanico e eterno clique. Guardar esses momentos com toda sua emo\u00e7\u00e3o e reviver com intensidade, essa \u00e9 a arte da fotografia. Mas e, se al\u00e9m de eternizar momentos, pud\u00e9ssemos tamb\u00e9m capturar movimentos? Esta \u00e9 a proposta do presente trabalho que apresenta experimenta\u00e7\u00f5es a partir de uma t\u00e9cnica de fotografia que captura a luz durante seus deslocamentos. Esta t\u00e9cnica moderna se chama light paint ou, em tradu\u00e7\u00e3o livre, pintura com a luz. A ideia surgiu depois de uma oficina ministrada pela professora Juliana Lima no II Encontro do Grupo de Estudos em Arte promovido pelo Curso de Arte Educa\u00e7\u00e3o \u00e0 Dist\u00e2ncia (UAB-Artes) da pr\u00f3pria UNICENTRO. O evento aconteceu na cidade de Apucarana. Durante quatro horas aprendemos sobre o hist\u00f3rico desta t\u00e9cnica, como ajustar a c\u00e2mera para alcan\u00e7ar o objetivo desejado e fizemos v\u00e1rios testes. De volta a Guarapuava, com uma c\u00e2mera digital Kodak M340 nos fechamos em uns dos est\u00fadios pertencentes ao departamento de Publicidade e Propaganda do Campus Santa Cruz e utilizando v\u00e1rias fontes diferentes de ilumina\u00e7\u00e3o fizemos nossos experimentos. Desde uma simples vela movida com uma das m\u00e3o a um conjunto de luzes coloridas envolta em todo o corpo para explorar as infinitas possibilidades que esta arte nos fornece. Estes experimentos, por\u00e9m, ficaram guardados por mais de um ano, at\u00e9 decidirmos escolher as melhores fotos para participar desta mostra. Optamos por tornar p\u00fablico nosso trabalho, ainda que n\u00e3o profissional, porque consideramos importante a divulga\u00e7\u00e3o deste tipo de conte\u00fado quase nunca visto nos eventos produzidos pelo curso e Arte da UNICENTRO. Esperamos que outros alunos se interessem pela t\u00e9cnica e queriam aprofundar seus conhecimentos sobre ela no futuro a fim de produzir mais obras e dar continuidade para esta brilhante de forma de<br \/>\ncapturar o movimento da luz.<\/p>\n<p>Palavras-chave: Fotografia; Light Paint; Luz. Arte com Luz.<\/p>\n<p>&nbsp;<\/p>\n<p>Autores: Diego Bosco; Leyciane dos Santos Mendes; Mariana Viana Teixeira<\/p>\n<p>&nbsp;<\/p>\n<p><img loading=\"lazy\" decoding=\"async\" class=\"alignnone wp-image-238\" src=\"https:\/\/www3.unicentro.br\/galeriavirtual\/wp-content\/uploads\/sites\/102\/2021\/04\/06-300x268.jpeg\" alt=\"\" width=\"202\" height=\"180\" srcset=\"https:\/\/www3.unicentro.br\/galeriavirtual\/wp-content\/uploads\/sites\/102\/2021\/04\/06-300x268.jpeg 300w, https:\/\/www3.unicentro.br\/galeriavirtual\/wp-content\/uploads\/sites\/102\/2021\/04\/06-768x687.jpeg 768w, https:\/\/www3.unicentro.br\/galeriavirtual\/wp-content\/uploads\/sites\/102\/2021\/04\/06-255x228.jpeg 255w, https:\/\/www3.unicentro.br\/galeriavirtual\/wp-content\/uploads\/sites\/102\/2021\/04\/06.jpeg 835w\" sizes=\"auto, (max-width: 202px) 100vw, 202px\" \/><img loading=\"lazy\" decoding=\"async\" class=\"alignnone wp-image-237\" src=\"https:\/\/www3.unicentro.br\/galeriavirtual\/wp-content\/uploads\/sites\/102\/2021\/04\/05-300x247.jpeg\" alt=\"\" width=\"217\" height=\"179\" srcset=\"https:\/\/www3.unicentro.br\/galeriavirtual\/wp-content\/uploads\/sites\/102\/2021\/04\/05-300x247.jpeg 300w, https:\/\/www3.unicentro.br\/galeriavirtual\/wp-content\/uploads\/sites\/102\/2021\/04\/05-1024x843.jpeg 1024w, https:\/\/www3.unicentro.br\/galeriavirtual\/wp-content\/uploads\/sites\/102\/2021\/04\/05-768x632.jpeg 768w, https:\/\/www3.unicentro.br\/galeriavirtual\/wp-content\/uploads\/sites\/102\/2021\/04\/05-255x210.jpeg 255w, https:\/\/www3.unicentro.br\/galeriavirtual\/wp-content\/uploads\/sites\/102\/2021\/04\/05.jpeg 1036w\" sizes=\"auto, (max-width: 217px) 100vw, 217px\" \/><img loading=\"lazy\" decoding=\"async\" class=\"alignnone wp-image-236\" src=\"https:\/\/www3.unicentro.br\/galeriavirtual\/wp-content\/uploads\/sites\/102\/2021\/04\/04-300x255.jpeg\" alt=\"\" width=\"211\" height=\"179\" srcset=\"https:\/\/www3.unicentro.br\/galeriavirtual\/wp-content\/uploads\/sites\/102\/2021\/04\/04-300x255.jpeg 300w, https:\/\/www3.unicentro.br\/galeriavirtual\/wp-content\/uploads\/sites\/102\/2021\/04\/04-1024x869.jpeg 1024w, https:\/\/www3.unicentro.br\/galeriavirtual\/wp-content\/uploads\/sites\/102\/2021\/04\/04-768x652.jpeg 768w, https:\/\/www3.unicentro.br\/galeriavirtual\/wp-content\/uploads\/sites\/102\/2021\/04\/04-255x216.jpeg 255w, https:\/\/www3.unicentro.br\/galeriavirtual\/wp-content\/uploads\/sites\/102\/2021\/04\/04.jpeg 1030w\" sizes=\"auto, (max-width: 211px) 100vw, 211px\" \/><img loading=\"lazy\" decoding=\"async\" class=\"alignnone wp-image-235\" src=\"https:\/\/www3.unicentro.br\/galeriavirtual\/wp-content\/uploads\/sites\/102\/2021\/04\/03-300x264.jpeg\" alt=\"\" width=\"202\" height=\"178\" srcset=\"https:\/\/www3.unicentro.br\/galeriavirtual\/wp-content\/uploads\/sites\/102\/2021\/04\/03-300x264.jpeg 300w, https:\/\/www3.unicentro.br\/galeriavirtual\/wp-content\/uploads\/sites\/102\/2021\/04\/03-768x677.jpeg 768w, https:\/\/www3.unicentro.br\/galeriavirtual\/wp-content\/uploads\/sites\/102\/2021\/04\/03-255x225.jpeg 255w, https:\/\/www3.unicentro.br\/galeriavirtual\/wp-content\/uploads\/sites\/102\/2021\/04\/03.jpeg 971w\" sizes=\"auto, (max-width: 202px) 100vw, 202px\" \/><img loading=\"lazy\" decoding=\"async\" class=\"alignnone wp-image-234\" src=\"https:\/\/www3.unicentro.br\/galeriavirtual\/wp-content\/uploads\/sites\/102\/2021\/04\/02-300x269.jpeg\" alt=\"\" width=\"196\" height=\"176\" srcset=\"https:\/\/www3.unicentro.br\/galeriavirtual\/wp-content\/uploads\/sites\/102\/2021\/04\/02-300x269.jpeg 300w, https:\/\/www3.unicentro.br\/galeriavirtual\/wp-content\/uploads\/sites\/102\/2021\/04\/02-1024x918.jpeg 1024w, https:\/\/www3.unicentro.br\/galeriavirtual\/wp-content\/uploads\/sites\/102\/2021\/04\/02-768x689.jpeg 768w, https:\/\/www3.unicentro.br\/galeriavirtual\/wp-content\/uploads\/sites\/102\/2021\/04\/02-255x229.jpeg 255w, https:\/\/www3.unicentro.br\/galeriavirtual\/wp-content\/uploads\/sites\/102\/2021\/04\/02.jpeg 1065w\" sizes=\"auto, (max-width: 196px) 100vw, 196px\" \/><img loading=\"lazy\" decoding=\"async\" class=\"alignnone wp-image-233\" src=\"https:\/\/www3.unicentro.br\/galeriavirtual\/wp-content\/uploads\/sites\/102\/2021\/04\/01-300x238.jpeg\" alt=\"\" width=\"222\" height=\"176\" srcset=\"https:\/\/www3.unicentro.br\/galeriavirtual\/wp-content\/uploads\/sites\/102\/2021\/04\/01-300x238.jpeg 300w, https:\/\/www3.unicentro.br\/galeriavirtual\/wp-content\/uploads\/sites\/102\/2021\/04\/01-768x610.jpeg 768w, https:\/\/www3.unicentro.br\/galeriavirtual\/wp-content\/uploads\/sites\/102\/2021\/04\/01-255x202.jpeg 255w, https:\/\/www3.unicentro.br\/galeriavirtual\/wp-content\/uploads\/sites\/102\/2021\/04\/01.jpeg 971w\" sizes=\"auto, (max-width: 222px) 100vw, 222px\" \/><\/p>\n","protected":false},"excerpt":{"rendered":"<p>Fotografar \u00e9 imortalizar um momento \u00fanico, ao qual n\u00e3o se poder\u00e1 mais voltar, se n\u00e3o por meio daqueles registros. Nada mais que um simples clique, um momento, um \u00fanico e eterno clique. Guardar esses momentos com toda sua emo\u00e7\u00e3o e reviver com intensidade, essa \u00e9 a arte da fotografia. Mas e, se al\u00e9m de eternizar [&hellip;]<\/p>\n","protected":false},"author":266,"featured_media":233,"comment_status":"open","ping_status":"open","sticky":false,"template":"","format":"gallery","meta":{"_exactmetrics_skip_tracking":false,"_exactmetrics_sitenote_active":false,"_exactmetrics_sitenote_note":"","_exactmetrics_sitenote_category":0,"footnotes":"","_links_to":"","_links_to_target":""},"categories":[56,55],"tags":[57,58],"class_list":["post-232","post","type-post","status-publish","format-gallery","has-post-thumbnail","hentry","category-56","category-mostra-de-arte-2021","tag-57","tag-mostra-de-arte-2021","post_format-post-format-gallery"],"_links":{"self":[{"href":"https:\/\/www3.unicentro.br\/galeriavirtual\/wp-json\/wp\/v2\/posts\/232","targetHints":{"allow":["GET"]}}],"collection":[{"href":"https:\/\/www3.unicentro.br\/galeriavirtual\/wp-json\/wp\/v2\/posts"}],"about":[{"href":"https:\/\/www3.unicentro.br\/galeriavirtual\/wp-json\/wp\/v2\/types\/post"}],"author":[{"embeddable":true,"href":"https:\/\/www3.unicentro.br\/galeriavirtual\/wp-json\/wp\/v2\/users\/266"}],"replies":[{"embeddable":true,"href":"https:\/\/www3.unicentro.br\/galeriavirtual\/wp-json\/wp\/v2\/comments?post=232"}],"version-history":[{"count":0,"href":"https:\/\/www3.unicentro.br\/galeriavirtual\/wp-json\/wp\/v2\/posts\/232\/revisions"}],"wp:featuredmedia":[{"embeddable":true,"href":"https:\/\/www3.unicentro.br\/galeriavirtual\/wp-json\/wp\/v2\/media\/233"}],"wp:attachment":[{"href":"https:\/\/www3.unicentro.br\/galeriavirtual\/wp-json\/wp\/v2\/media?parent=232"}],"wp:term":[{"taxonomy":"category","embeddable":true,"href":"https:\/\/www3.unicentro.br\/galeriavirtual\/wp-json\/wp\/v2\/categories?post=232"},{"taxonomy":"post_tag","embeddable":true,"href":"https:\/\/www3.unicentro.br\/galeriavirtual\/wp-json\/wp\/v2\/tags?post=232"}],"curies":[{"name":"wp","href":"https:\/\/api.w.org\/{rel}","templated":true}]}}