{"id":224,"date":"2021-04-16T15:25:38","date_gmt":"2021-04-16T18:25:38","guid":{"rendered":"https:\/\/www3.unicentro.br\/galeriavirtual\/?p=224"},"modified":"2021-04-16T15:25:38","modified_gmt":"2021-04-16T18:25:38","slug":"ate-onde-os-olhos-podem-tocar","status":"publish","type":"post","link":"https:\/\/www3.unicentro.br\/galeriavirtual\/2021\/04\/16\/ate-onde-os-olhos-podem-tocar\/","title":{"rendered":"At\u00e9 onde os olhos podem tocar"},"content":{"rendered":"<p style=\"text-align: justify\"><span style=\"font-family: arial, helvetica, sans-serif;font-size: 12pt\">Os trabalhos propostos para a Mostra de Arte 2021, da UNICENTRO, versam sobre a invisibilidade que as camadas vulner\u00e1veis da sociedade sofrem e est\u00e3o acometidas. Proponho pela pr\u00e1tica da pintura, dar voz \u00e0queles que n\u00e3o mais tem, fazendo isso atrav\u00e9s de retratos e min\u00facias, dando visibilidade \u00e0s pessoas que vivem em situa\u00e7\u00e3o de rua, catadores de material recicl\u00e1vel e ambulantes, muito presentes em nosso cotidiano. Gilmar acena para o espectador, com um sol que bate forte em seu rosto. Um corpo dorme isolado em um n\u00e3o-lugar. Uma m\u00e3o que segura um peda\u00e7o de carne. A pesquisa embasa-se atrav\u00e9s de escritos de Michel de Certeau e Paola Berensein Jacques sobre o cotidiano e suas possibilidades, Jacques Ranci\u00e9re e Nicolas Bourriaud sobre uma poss\u00edvel est\u00e9tica que atravesse o outro, fazendo n\u00e3o somente dele obra, mas tamb\u00e9m parte da arte proposta. Junto a isso, alinham-se outras pesquisas pict\u00f3ricas que auxiliam o artista, tais como H\u00e9lio Oiticica, \u00c9der Oliveira, Liu Xiaodong, artistas que em suas pr\u00e1ticas lan\u00e7am o olhar \u00e0s minorias e aos apagamentos.<\/span><\/p>\n<p style=\"text-align: justify\">\n<span style=\"font-family: arial, helvetica, sans-serif;font-size: 12pt\">Palavras-chave: Pintura. Arte Contempor\u00e2nea. Cotidiano.<\/span><\/p>\n<p>&nbsp;<\/p>\n<p><span style=\"font-family: arial, helvetica, sans-serif\"><strong>Autor: Matheus Guilherme de Oliveira<\/strong><\/span><\/p>\n<p>&nbsp;<\/p>\n<p><img loading=\"lazy\" decoding=\"async\" class=\"alignnone  wp-image-225\" src=\"https:\/\/www3.unicentro.br\/galeriavirtual\/wp-content\/uploads\/sites\/102\/2021\/04\/Ate-onde-os-olhos-podem-tocar-GILMAR-238x300.jpg\" alt=\"\" width=\"263\" height=\"332\" srcset=\"https:\/\/www3.unicentro.br\/galeriavirtual\/wp-content\/uploads\/sites\/102\/2021\/04\/Ate-onde-os-olhos-podem-tocar-GILMAR-238x300.jpg 238w, https:\/\/www3.unicentro.br\/galeriavirtual\/wp-content\/uploads\/sites\/102\/2021\/04\/Ate-onde-os-olhos-podem-tocar-GILMAR.jpg 715w, https:\/\/www3.unicentro.br\/galeriavirtual\/wp-content\/uploads\/sites\/102\/2021\/04\/Ate-onde-os-olhos-podem-tocar-GILMAR-255x322.jpg 255w\" sizes=\"auto, (max-width: 263px) 100vw, 263px\" \/> <img loading=\"lazy\" decoding=\"async\" class=\"alignnone  wp-image-226\" src=\"https:\/\/www3.unicentro.br\/galeriavirtual\/wp-content\/uploads\/sites\/102\/2021\/04\/Ate-onde-os-olhos-podem-tocar1-300x297.jpg\" alt=\"\" width=\"335\" height=\"332\" srcset=\"https:\/\/www3.unicentro.br\/galeriavirtual\/wp-content\/uploads\/sites\/102\/2021\/04\/Ate-onde-os-olhos-podem-tocar1-300x297.jpg 300w, https:\/\/www3.unicentro.br\/galeriavirtual\/wp-content\/uploads\/sites\/102\/2021\/04\/Ate-onde-os-olhos-podem-tocar1-1024x1012.jpg 1024w, https:\/\/www3.unicentro.br\/galeriavirtual\/wp-content\/uploads\/sites\/102\/2021\/04\/Ate-onde-os-olhos-podem-tocar1-150x150.jpg 150w, https:\/\/www3.unicentro.br\/galeriavirtual\/wp-content\/uploads\/sites\/102\/2021\/04\/Ate-onde-os-olhos-podem-tocar1-768x759.jpg 768w, https:\/\/www3.unicentro.br\/galeriavirtual\/wp-content\/uploads\/sites\/102\/2021\/04\/Ate-onde-os-olhos-podem-tocar1-50x50.jpg 50w, https:\/\/www3.unicentro.br\/galeriavirtual\/wp-content\/uploads\/sites\/102\/2021\/04\/Ate-onde-os-olhos-podem-tocar1-80x80.jpg 80w, https:\/\/www3.unicentro.br\/galeriavirtual\/wp-content\/uploads\/sites\/102\/2021\/04\/Ate-onde-os-olhos-podem-tocar1-100x100.jpg 100w, https:\/\/www3.unicentro.br\/galeriavirtual\/wp-content\/uploads\/sites\/102\/2021\/04\/Ate-onde-os-olhos-podem-tocar1-255x252.jpg 255w, https:\/\/www3.unicentro.br\/galeriavirtual\/wp-content\/uploads\/sites\/102\/2021\/04\/Ate-onde-os-olhos-podem-tocar1.jpg 1214w\" sizes=\"auto, (max-width: 335px) 100vw, 335px\" \/> <img loading=\"lazy\" decoding=\"async\" class=\"alignnone  wp-image-227\" src=\"https:\/\/www3.unicentro.br\/galeriavirtual\/wp-content\/uploads\/sites\/102\/2021\/04\/Ate-onde-os-olhos-podem-tocar-300x217.jpg\" alt=\"\" width=\"460\" height=\"333\" srcset=\"https:\/\/www3.unicentro.br\/galeriavirtual\/wp-content\/uploads\/sites\/102\/2021\/04\/Ate-onde-os-olhos-podem-tocar-300x217.jpg 300w, https:\/\/www3.unicentro.br\/galeriavirtual\/wp-content\/uploads\/sites\/102\/2021\/04\/Ate-onde-os-olhos-podem-tocar-768x556.jpg 768w, https:\/\/www3.unicentro.br\/galeriavirtual\/wp-content\/uploads\/sites\/102\/2021\/04\/Ate-onde-os-olhos-podem-tocar-255x185.jpg 255w, https:\/\/www3.unicentro.br\/galeriavirtual\/wp-content\/uploads\/sites\/102\/2021\/04\/Ate-onde-os-olhos-podem-tocar.jpg 979w\" sizes=\"auto, (max-width: 460px) 100vw, 460px\" \/><\/p>\n","protected":false},"excerpt":{"rendered":"<p>Os trabalhos propostos para a Mostra de Arte 2021, da UNICENTRO, versam sobre a invisibilidade que as camadas vulner\u00e1veis da sociedade sofrem e est\u00e3o acometidas. Proponho pela pr\u00e1tica da pintura, dar voz \u00e0queles que n\u00e3o mais tem, fazendo isso atrav\u00e9s de retratos e min\u00facias, dando visibilidade \u00e0s pessoas que vivem em situa\u00e7\u00e3o de rua, catadores [&hellip;]<\/p>\n","protected":false},"author":266,"featured_media":227,"comment_status":"open","ping_status":"open","sticky":false,"template":"","format":"gallery","meta":{"_exactmetrics_skip_tracking":false,"_exactmetrics_sitenote_active":false,"_exactmetrics_sitenote_note":"","_exactmetrics_sitenote_category":0,"footnotes":"","_links_to":"","_links_to_target":""},"categories":[56,55],"tags":[57,58],"class_list":["post-224","post","type-post","status-publish","format-gallery","has-post-thumbnail","hentry","category-56","category-mostra-de-arte-2021","tag-57","tag-mostra-de-arte-2021","post_format-post-format-gallery"],"_links":{"self":[{"href":"https:\/\/www3.unicentro.br\/galeriavirtual\/wp-json\/wp\/v2\/posts\/224","targetHints":{"allow":["GET"]}}],"collection":[{"href":"https:\/\/www3.unicentro.br\/galeriavirtual\/wp-json\/wp\/v2\/posts"}],"about":[{"href":"https:\/\/www3.unicentro.br\/galeriavirtual\/wp-json\/wp\/v2\/types\/post"}],"author":[{"embeddable":true,"href":"https:\/\/www3.unicentro.br\/galeriavirtual\/wp-json\/wp\/v2\/users\/266"}],"replies":[{"embeddable":true,"href":"https:\/\/www3.unicentro.br\/galeriavirtual\/wp-json\/wp\/v2\/comments?post=224"}],"version-history":[{"count":0,"href":"https:\/\/www3.unicentro.br\/galeriavirtual\/wp-json\/wp\/v2\/posts\/224\/revisions"}],"wp:featuredmedia":[{"embeddable":true,"href":"https:\/\/www3.unicentro.br\/galeriavirtual\/wp-json\/wp\/v2\/media\/227"}],"wp:attachment":[{"href":"https:\/\/www3.unicentro.br\/galeriavirtual\/wp-json\/wp\/v2\/media?parent=224"}],"wp:term":[{"taxonomy":"category","embeddable":true,"href":"https:\/\/www3.unicentro.br\/galeriavirtual\/wp-json\/wp\/v2\/categories?post=224"},{"taxonomy":"post_tag","embeddable":true,"href":"https:\/\/www3.unicentro.br\/galeriavirtual\/wp-json\/wp\/v2\/tags?post=224"}],"curies":[{"name":"wp","href":"https:\/\/api.w.org\/{rel}","templated":true}]}}