{"id":177,"date":"2020-11-10T17:25:25","date_gmt":"2020-11-10T20:25:25","guid":{"rendered":"https:\/\/www3.unicentro.br\/galeriavirtual\/?p=177"},"modified":"2020-11-12T01:21:54","modified_gmt":"2020-11-12T04:21:54","slug":"marcella","status":"publish","type":"post","link":"https:\/\/www3.unicentro.br\/galeriavirtual\/2020\/11\/10\/marcella\/","title":{"rendered":"Marcella"},"content":{"rendered":"<p><iframe loading=\"lazy\" title=\"Marcella (2019)\" width=\"900\" height=\"506\" src=\"https:\/\/www.youtube.com\/embed\/04bxiL0dcmI?feature=oembed\" frameborder=\"0\" allow=\"accelerometer; autoplay; clipboard-write; encrypted-media; gyroscope; picture-in-picture\" allowfullscreen><\/iframe><\/p>\n<p>SINOPSE: Um grupo de cinco amigos ser\u00e3o afetados por coisas terr\u00edveis que acontecer\u00e3o no barrac\u00e3o da universidade em que estudam. D\u00favidas, medos, e in\u00fameros sonhos tenebrosos atrapalhar\u00e3o a noite de sono desses meninos. N\u00e3o tranquem as portas, algu\u00e9m ainda est\u00e1 entre n\u00f3s.<\/p>\n<p>&#8211; Obra totalmente ficcional criada pelos alunos do 2\u00ba Ano de Arte (2019) da Universidade Estadual do Centro-Oeste,como forma de<br \/>\navalia\u00e7\u00e3o para a disciplina de T\u00f3picos Especiais II, ministrada pela professora: Viviane Princival.<\/p>\n<p>Dire\u00e7\u00e3o e Produ\u00e7\u00e3o &#8211; Caio Eduardo Kulkamp de Paula, Gustavo Henrique Costa Solak, Maria Fernanda Karsten, Tauani Karine da Silva e Rebeca Santana de Almeida.<br \/>\nEdi\u00e7\u00e3o &#8211; Caio Eduardo Kulkamp de Paula<br \/>\nFotografia &#8211; Maria Fernanda Karsten<br \/>\nMaquiagem &#8211; Tauani Karine da Silva e Graziella Medeiros Guadagnini<br \/>\nNarra\u00e7\u00e3o: Marco Ant\u00f4nio Crispim Machado<br \/>\nEquipamentos: Carlos Alberto Machado<\/p>\n<p>&nbsp;<\/p>\n<p><img loading=\"lazy\" decoding=\"async\" class=\"alignnone wp-image-186\" src=\"https:\/\/www3.unicentro.br\/galeriavirtual\/wp-content\/uploads\/sites\/102\/2020\/11\/1-3-203x300.jpg\" alt=\"\" width=\"222\" height=\"328\" srcset=\"https:\/\/www3.unicentro.br\/galeriavirtual\/wp-content\/uploads\/sites\/102\/2020\/11\/1-3-203x300.jpg 203w, https:\/\/www3.unicentro.br\/galeriavirtual\/wp-content\/uploads\/sites\/102\/2020\/11\/1-3-691x1024.jpg 691w, https:\/\/www3.unicentro.br\/galeriavirtual\/wp-content\/uploads\/sites\/102\/2020\/11\/1-3-768x1138.jpg 768w, https:\/\/www3.unicentro.br\/galeriavirtual\/wp-content\/uploads\/sites\/102\/2020\/11\/1-3-255x378.jpg 255w, https:\/\/www3.unicentro.br\/galeriavirtual\/wp-content\/uploads\/sites\/102\/2020\/11\/1-3.jpg 810w\" sizes=\"auto, (max-width: 222px) 100vw, 222px\" \/><\/p>\n<p><img loading=\"lazy\" decoding=\"async\" class=\"alignnone wp-image-185\" src=\"https:\/\/www3.unicentro.br\/galeriavirtual\/wp-content\/uploads\/sites\/102\/2020\/11\/1-2-300x169.jpg\" alt=\"\" width=\"311\" height=\"175\" srcset=\"https:\/\/www3.unicentro.br\/galeriavirtual\/wp-content\/uploads\/sites\/102\/2020\/11\/1-2-300x169.jpg 300w, https:\/\/www3.unicentro.br\/galeriavirtual\/wp-content\/uploads\/sites\/102\/2020\/11\/1-2-1024x576.jpg 1024w, https:\/\/www3.unicentro.br\/galeriavirtual\/wp-content\/uploads\/sites\/102\/2020\/11\/1-2-768x432.jpg 768w, https:\/\/www3.unicentro.br\/galeriavirtual\/wp-content\/uploads\/sites\/102\/2020\/11\/1-2-255x143.jpg 255w, https:\/\/www3.unicentro.br\/galeriavirtual\/wp-content\/uploads\/sites\/102\/2020\/11\/1-2.jpg 1366w\" sizes=\"auto, (max-width: 311px) 100vw, 311px\" \/><\/p>\n<p><img loading=\"lazy\" decoding=\"async\" class=\"alignnone wp-image-187\" src=\"https:\/\/www3.unicentro.br\/galeriavirtual\/wp-content\/uploads\/sites\/102\/2020\/11\/2-4-300x169.jpg\" alt=\"\" width=\"307\" height=\"173\" srcset=\"https:\/\/www3.unicentro.br\/galeriavirtual\/wp-content\/uploads\/sites\/102\/2020\/11\/2-4-300x169.jpg 300w, https:\/\/www3.unicentro.br\/galeriavirtual\/wp-content\/uploads\/sites\/102\/2020\/11\/2-4-1024x576.jpg 1024w, https:\/\/www3.unicentro.br\/galeriavirtual\/wp-content\/uploads\/sites\/102\/2020\/11\/2-4-768x432.jpg 768w, https:\/\/www3.unicentro.br\/galeriavirtual\/wp-content\/uploads\/sites\/102\/2020\/11\/2-4-255x143.jpg 255w, https:\/\/www3.unicentro.br\/galeriavirtual\/wp-content\/uploads\/sites\/102\/2020\/11\/2-4.jpg 1366w\" sizes=\"auto, (max-width: 307px) 100vw, 307px\" \/><\/p>\n<p><img loading=\"lazy\" decoding=\"async\" class=\"alignnone wp-image-188\" src=\"https:\/\/www3.unicentro.br\/galeriavirtual\/wp-content\/uploads\/sites\/102\/2020\/11\/3-2-300x169.jpg\" alt=\"\" width=\"314\" height=\"177\" srcset=\"https:\/\/www3.unicentro.br\/galeriavirtual\/wp-content\/uploads\/sites\/102\/2020\/11\/3-2-300x169.jpg 300w, https:\/\/www3.unicentro.br\/galeriavirtual\/wp-content\/uploads\/sites\/102\/2020\/11\/3-2-1024x576.jpg 1024w, https:\/\/www3.unicentro.br\/galeriavirtual\/wp-content\/uploads\/sites\/102\/2020\/11\/3-2-768x432.jpg 768w, https:\/\/www3.unicentro.br\/galeriavirtual\/wp-content\/uploads\/sites\/102\/2020\/11\/3-2-255x143.jpg 255w, https:\/\/www3.unicentro.br\/galeriavirtual\/wp-content\/uploads\/sites\/102\/2020\/11\/3-2.jpg 1366w\" sizes=\"auto, (max-width: 314px) 100vw, 314px\" \/><\/p>\n<p><img loading=\"lazy\" decoding=\"async\" class=\"alignnone wp-image-189\" src=\"https:\/\/www3.unicentro.br\/galeriavirtual\/wp-content\/uploads\/sites\/102\/2020\/11\/4-300x169.jpg\" alt=\"\" width=\"316\" height=\"178\" srcset=\"https:\/\/www3.unicentro.br\/galeriavirtual\/wp-content\/uploads\/sites\/102\/2020\/11\/4-300x169.jpg 300w, https:\/\/www3.unicentro.br\/galeriavirtual\/wp-content\/uploads\/sites\/102\/2020\/11\/4-1024x576.jpg 1024w, https:\/\/www3.unicentro.br\/galeriavirtual\/wp-content\/uploads\/sites\/102\/2020\/11\/4-768x432.jpg 768w, https:\/\/www3.unicentro.br\/galeriavirtual\/wp-content\/uploads\/sites\/102\/2020\/11\/4-255x143.jpg 255w, https:\/\/www3.unicentro.br\/galeriavirtual\/wp-content\/uploads\/sites\/102\/2020\/11\/4.jpg 1366w\" sizes=\"auto, (max-width: 316px) 100vw, 316px\" \/><\/p>\n","protected":false},"excerpt":{"rendered":"<p>SINOPSE: Um grupo de cinco amigos ser\u00e3o afetados por coisas terr\u00edveis que acontecer\u00e3o no barrac\u00e3o da universidade em que estudam. D\u00favidas, medos, e in\u00fameros sonhos tenebrosos atrapalhar\u00e3o a noite de sono desses meninos. N\u00e3o tranquem as portas, algu\u00e9m ainda est\u00e1 entre n\u00f3s. &#8211; Obra totalmente ficcional criada pelos alunos do 2\u00ba Ano de Arte (2019) [&hellip;]<\/p>\n","protected":false},"author":307,"featured_media":186,"comment_status":"open","ping_status":"open","sticky":false,"template":"","format":"video","meta":{"_exactmetrics_skip_tracking":false,"_exactmetrics_sitenote_active":false,"_exactmetrics_sitenote_note":"","_exactmetrics_sitenote_category":0,"footnotes":"","_links_to":"","_links_to_target":""},"categories":[17,12],"tags":[],"class_list":["post-177","post","type-post","status-publish","format-video","has-post-thumbnail","hentry","category-17","category-topicos-ii","post_format-post-format-video"],"_links":{"self":[{"href":"https:\/\/www3.unicentro.br\/galeriavirtual\/wp-json\/wp\/v2\/posts\/177","targetHints":{"allow":["GET"]}}],"collection":[{"href":"https:\/\/www3.unicentro.br\/galeriavirtual\/wp-json\/wp\/v2\/posts"}],"about":[{"href":"https:\/\/www3.unicentro.br\/galeriavirtual\/wp-json\/wp\/v2\/types\/post"}],"author":[{"embeddable":true,"href":"https:\/\/www3.unicentro.br\/galeriavirtual\/wp-json\/wp\/v2\/users\/307"}],"replies":[{"embeddable":true,"href":"https:\/\/www3.unicentro.br\/galeriavirtual\/wp-json\/wp\/v2\/comments?post=177"}],"version-history":[{"count":0,"href":"https:\/\/www3.unicentro.br\/galeriavirtual\/wp-json\/wp\/v2\/posts\/177\/revisions"}],"wp:featuredmedia":[{"embeddable":true,"href":"https:\/\/www3.unicentro.br\/galeriavirtual\/wp-json\/wp\/v2\/media\/186"}],"wp:attachment":[{"href":"https:\/\/www3.unicentro.br\/galeriavirtual\/wp-json\/wp\/v2\/media?parent=177"}],"wp:term":[{"taxonomy":"category","embeddable":true,"href":"https:\/\/www3.unicentro.br\/galeriavirtual\/wp-json\/wp\/v2\/categories?post=177"},{"taxonomy":"post_tag","embeddable":true,"href":"https:\/\/www3.unicentro.br\/galeriavirtual\/wp-json\/wp\/v2\/tags?post=177"}],"curies":[{"name":"wp","href":"https:\/\/api.w.org\/{rel}","templated":true}]}}