{"id":171,"date":"2020-11-04T18:11:09","date_gmt":"2020-11-04T21:11:09","guid":{"rendered":"https:\/\/www3.unicentro.br\/galeriavirtual\/?p=171"},"modified":"2020-11-12T01:44:36","modified_gmt":"2020-11-12T04:44:36","slug":"con-pritt","status":"publish","type":"post","link":"https:\/\/www3.unicentro.br\/galeriavirtual\/2020\/11\/04\/con-pritt\/","title":{"rendered":"Con Pritt"},"content":{"rendered":"<audio class=\"wp-audio-shortcode\" id=\"audio-171-1\" preload=\"none\" style=\"width: 100%;\" controls=\"controls\"><source type=\"audio\/mpeg\" src=\"https:\/\/www3.unicentro.br\/galeriavirtual\/wp-content\/uploads\/sites\/102\/2020\/11\/Con-Pritt-Comp.-Fernando-Palacios-Interprete-Ellen-Simao-Marcondes.mp3?_=1\" \/><a href=\"https:\/\/www3.unicentro.br\/galeriavirtual\/wp-content\/uploads\/sites\/102\/2020\/11\/Con-Pritt-Comp.-Fernando-Palacios-Interprete-Ellen-Simao-Marcondes.mp3\">https:\/\/www3.unicentro.br\/galeriavirtual\/wp-content\/uploads\/sites\/102\/2020\/11\/Con-Pritt-Comp.-Fernando-Palacios-Interprete-Ellen-Simao-Marcondes.mp3<\/a><\/audio>\n<p>&nbsp;<\/p>\n<p>Esta m\u00fasica foi composta Ellen Sim\u00e3o Marcondes a partir da partitura gr\u00e1fica criada pelo m\u00fasico espanhol Fernando Palacios. Esta composi\u00e7\u00e3o foi um exerc\u00edcio de integra\u00e7\u00e3o das artes realizado na disciplina de T\u00f3picos Especiais 4, ministrada pela professora Daiane S. S. Cunha na Licenciatura em Arte da Unicentro.<\/p>\n<p>&nbsp;<\/p>\n<p><img loading=\"lazy\" decoding=\"async\" class=\"alignnone size-medium wp-image-206\" src=\"https:\/\/www3.unicentro.br\/galeriavirtual\/wp-content\/uploads\/sites\/102\/2020\/11\/con-pritt-300x297.png\" alt=\"\" width=\"300\" height=\"297\" srcset=\"https:\/\/www3.unicentro.br\/galeriavirtual\/wp-content\/uploads\/sites\/102\/2020\/11\/con-pritt-300x297.png 300w, https:\/\/www3.unicentro.br\/galeriavirtual\/wp-content\/uploads\/sites\/102\/2020\/11\/con-pritt-150x150.png 150w, https:\/\/www3.unicentro.br\/galeriavirtual\/wp-content\/uploads\/sites\/102\/2020\/11\/con-pritt-50x50.png 50w, https:\/\/www3.unicentro.br\/galeriavirtual\/wp-content\/uploads\/sites\/102\/2020\/11\/con-pritt-80x80.png 80w, https:\/\/www3.unicentro.br\/galeriavirtual\/wp-content\/uploads\/sites\/102\/2020\/11\/con-pritt-100x100.png 100w, https:\/\/www3.unicentro.br\/galeriavirtual\/wp-content\/uploads\/sites\/102\/2020\/11\/con-pritt-255x253.png 255w, https:\/\/www3.unicentro.br\/galeriavirtual\/wp-content\/uploads\/sites\/102\/2020\/11\/con-pritt.png 518w\" sizes=\"auto, (max-width: 300px) 100vw, 300px\" \/><\/p>\n","protected":false},"excerpt":{"rendered":"<p>&nbsp; Esta m\u00fasica foi composta Ellen Sim\u00e3o Marcondes a partir da partitura gr\u00e1fica criada pelo m\u00fasico espanhol Fernando Palacios. Esta composi\u00e7\u00e3o foi um exerc\u00edcio de integra\u00e7\u00e3o das artes realizado na disciplina de T\u00f3picos Especiais 4, ministrada pela professora Daiane S. S. Cunha na Licenciatura em Arte da Unicentro. &nbsp;<\/p>\n","protected":false},"author":307,"featured_media":206,"comment_status":"open","ping_status":"open","sticky":true,"template":"","format":"audio","meta":{"_exactmetrics_skip_tracking":false,"_exactmetrics_sitenote_active":false,"_exactmetrics_sitenote_note":"","_exactmetrics_sitenote_category":0,"footnotes":"","_links_to":"","_links_to_target":""},"categories":[10,14],"tags":[15,16],"class_list":["post-171","post","type-post","status-publish","format-audio","has-post-thumbnail","hentry","category-10","category-topicos-iv","tag-15","tag-topicos-iv","post_format-post-format-audio"],"_links":{"self":[{"href":"https:\/\/www3.unicentro.br\/galeriavirtual\/wp-json\/wp\/v2\/posts\/171","targetHints":{"allow":["GET"]}}],"collection":[{"href":"https:\/\/www3.unicentro.br\/galeriavirtual\/wp-json\/wp\/v2\/posts"}],"about":[{"href":"https:\/\/www3.unicentro.br\/galeriavirtual\/wp-json\/wp\/v2\/types\/post"}],"author":[{"embeddable":true,"href":"https:\/\/www3.unicentro.br\/galeriavirtual\/wp-json\/wp\/v2\/users\/307"}],"replies":[{"embeddable":true,"href":"https:\/\/www3.unicentro.br\/galeriavirtual\/wp-json\/wp\/v2\/comments?post=171"}],"version-history":[{"count":0,"href":"https:\/\/www3.unicentro.br\/galeriavirtual\/wp-json\/wp\/v2\/posts\/171\/revisions"}],"wp:featuredmedia":[{"embeddable":true,"href":"https:\/\/www3.unicentro.br\/galeriavirtual\/wp-json\/wp\/v2\/media\/206"}],"wp:attachment":[{"href":"https:\/\/www3.unicentro.br\/galeriavirtual\/wp-json\/wp\/v2\/media?parent=171"}],"wp:term":[{"taxonomy":"category","embeddable":true,"href":"https:\/\/www3.unicentro.br\/galeriavirtual\/wp-json\/wp\/v2\/categories?post=171"},{"taxonomy":"post_tag","embeddable":true,"href":"https:\/\/www3.unicentro.br\/galeriavirtual\/wp-json\/wp\/v2\/tags?post=171"}],"curies":[{"name":"wp","href":"https:\/\/api.w.org\/{rel}","templated":true}]}}