{"id":168,"date":"2020-11-04T18:06:49","date_gmt":"2020-11-04T21:06:49","guid":{"rendered":"https:\/\/www3.unicentro.br\/galeriavirtual\/?p=168"},"modified":"2020-11-12T01:46:00","modified_gmt":"2020-11-12T04:46:00","slug":"kandinskiana","status":"publish","type":"post","link":"https:\/\/www3.unicentro.br\/galeriavirtual\/2020\/11\/04\/kandinskiana\/","title":{"rendered":"Kandinskiana"},"content":{"rendered":"<audio class=\"wp-audio-shortcode\" id=\"audio-168-1\" preload=\"none\" style=\"width: 100%;\" controls=\"controls\"><source type=\"audio\/mpeg\" src=\"https:\/\/www3.unicentro.br\/galeriavirtual\/wp-content\/uploads\/sites\/102\/2020\/11\/KANDISKIANA-Fernando-Palacios-Nilton-S.-Korobinski.mp3?_=1\" \/><a href=\"https:\/\/www3.unicentro.br\/galeriavirtual\/wp-content\/uploads\/sites\/102\/2020\/11\/KANDISKIANA-Fernando-Palacios-Nilton-S.-Korobinski.mp3\">https:\/\/www3.unicentro.br\/galeriavirtual\/wp-content\/uploads\/sites\/102\/2020\/11\/KANDISKIANA-Fernando-Palacios-Nilton-S.-Korobinski.mp3<\/a><\/audio>\n<p>Esta m\u00fasica foi composta Nilton S. Korobinski a partir da partitura gr\u00e1fica criada pelo m\u00fasico espanhol Fernando Palacios. Esta composi\u00e7\u00e3o foi um exerc\u00edcio de integra\u00e7\u00e3o das artes realizado na disciplina de T\u00f3picos Especiais 4, ministrada pela professora Daiane S. S. Cunha na Licenciatura em Arte da Unicentro.<\/p>\n<p>&nbsp;<\/p>\n<p><img loading=\"lazy\" decoding=\"async\" class=\"alignnone size-medium wp-image-208\" src=\"https:\/\/www3.unicentro.br\/galeriavirtual\/wp-content\/uploads\/sites\/102\/2020\/11\/kandiskiana-300x294.jpg\" alt=\"\" width=\"300\" height=\"294\" srcset=\"https:\/\/www3.unicentro.br\/galeriavirtual\/wp-content\/uploads\/sites\/102\/2020\/11\/kandiskiana-300x294.jpg 300w, https:\/\/www3.unicentro.br\/galeriavirtual\/wp-content\/uploads\/sites\/102\/2020\/11\/kandiskiana-50x50.jpg 50w, https:\/\/www3.unicentro.br\/galeriavirtual\/wp-content\/uploads\/sites\/102\/2020\/11\/kandiskiana-255x250.jpg 255w, https:\/\/www3.unicentro.br\/galeriavirtual\/wp-content\/uploads\/sites\/102\/2020\/11\/kandiskiana.jpg 521w\" sizes=\"auto, (max-width: 300px) 100vw, 300px\" \/><\/p>\n","protected":false},"excerpt":{"rendered":"<p>Esta m\u00fasica foi composta Nilton S. Korobinski a partir da partitura gr\u00e1fica criada pelo m\u00fasico espanhol Fernando Palacios. Esta composi\u00e7\u00e3o foi um exerc\u00edcio de integra\u00e7\u00e3o das artes realizado na disciplina de T\u00f3picos Especiais 4, ministrada pela professora Daiane S. S. Cunha na Licenciatura em Arte da Unicentro. &nbsp;<\/p>\n","protected":false},"author":307,"featured_media":208,"comment_status":"open","ping_status":"open","sticky":false,"template":"","format":"audio","meta":{"_exactmetrics_skip_tracking":false,"_exactmetrics_sitenote_active":false,"_exactmetrics_sitenote_note":"","_exactmetrics_sitenote_category":0,"footnotes":"","_links_to":"","_links_to_target":""},"categories":[10,14],"tags":[],"class_list":["post-168","post","type-post","status-publish","format-audio","has-post-thumbnail","hentry","category-10","category-topicos-iv","post_format-post-format-audio"],"_links":{"self":[{"href":"https:\/\/www3.unicentro.br\/galeriavirtual\/wp-json\/wp\/v2\/posts\/168","targetHints":{"allow":["GET"]}}],"collection":[{"href":"https:\/\/www3.unicentro.br\/galeriavirtual\/wp-json\/wp\/v2\/posts"}],"about":[{"href":"https:\/\/www3.unicentro.br\/galeriavirtual\/wp-json\/wp\/v2\/types\/post"}],"author":[{"embeddable":true,"href":"https:\/\/www3.unicentro.br\/galeriavirtual\/wp-json\/wp\/v2\/users\/307"}],"replies":[{"embeddable":true,"href":"https:\/\/www3.unicentro.br\/galeriavirtual\/wp-json\/wp\/v2\/comments?post=168"}],"version-history":[{"count":0,"href":"https:\/\/www3.unicentro.br\/galeriavirtual\/wp-json\/wp\/v2\/posts\/168\/revisions"}],"wp:featuredmedia":[{"embeddable":true,"href":"https:\/\/www3.unicentro.br\/galeriavirtual\/wp-json\/wp\/v2\/media\/208"}],"wp:attachment":[{"href":"https:\/\/www3.unicentro.br\/galeriavirtual\/wp-json\/wp\/v2\/media?parent=168"}],"wp:term":[{"taxonomy":"category","embeddable":true,"href":"https:\/\/www3.unicentro.br\/galeriavirtual\/wp-json\/wp\/v2\/categories?post=168"},{"taxonomy":"post_tag","embeddable":true,"href":"https:\/\/www3.unicentro.br\/galeriavirtual\/wp-json\/wp\/v2\/tags?post=168"}],"curies":[{"name":"wp","href":"https:\/\/api.w.org\/{rel}","templated":true}]}}