{"id":165,"date":"2020-11-04T18:04:15","date_gmt":"2020-11-04T21:04:15","guid":{"rendered":"https:\/\/www3.unicentro.br\/galeriavirtual\/?p=165"},"modified":"2020-11-12T01:47:10","modified_gmt":"2020-11-12T04:47:10","slug":"de-aca-para-alla","status":"publish","type":"post","link":"https:\/\/www3.unicentro.br\/galeriavirtual\/2020\/11\/04\/de-aca-para-alla\/","title":{"rendered":"De Ac\u00e1 para Alla"},"content":{"rendered":"<audio class=\"wp-audio-shortcode\" id=\"audio-165-1\" preload=\"none\" style=\"width: 100%;\" controls=\"controls\"><source type=\"audio\/mpeg\" src=\"https:\/\/www3.unicentro.br\/galeriavirtual\/wp-content\/uploads\/sites\/102\/2020\/11\/De-Aca-Para-Alla-Fernando-Palacios-Hellen-Jaine-Winyk.mp3?_=1\" \/><a href=\"https:\/\/www3.unicentro.br\/galeriavirtual\/wp-content\/uploads\/sites\/102\/2020\/11\/De-Aca-Para-Alla-Fernando-Palacios-Hellen-Jaine-Winyk.mp3\">https:\/\/www3.unicentro.br\/galeriavirtual\/wp-content\/uploads\/sites\/102\/2020\/11\/De-Aca-Para-Alla-Fernando-Palacios-Hellen-Jaine-Winyk.mp3<\/a><\/audio>\n<p>Esta m\u00fasica foi composta Hellen Jaine Winyk a partir da partitura gr\u00e1fica criada pelo m\u00fasico espanhol Fernando Palacios. Esta composi\u00e7\u00e3o foi um exerc\u00edcio de integra\u00e7\u00e3o das artes realizado na disciplina de T\u00f3picos Especiais 4, ministrada pela professora Daiane S. S. Cunha na Licenciatura em Arte da Unicentro.<\/p>\n<p>&nbsp;<\/p>\n<p><img loading=\"lazy\" decoding=\"async\" class=\"alignnone size-medium wp-image-211\" src=\"https:\/\/www3.unicentro.br\/galeriavirtual\/wp-content\/uploads\/sites\/102\/2020\/11\/de-aca-para-alla-300x297.png\" alt=\"\" width=\"300\" height=\"297\" srcset=\"https:\/\/www3.unicentro.br\/galeriavirtual\/wp-content\/uploads\/sites\/102\/2020\/11\/de-aca-para-alla-300x297.png 300w, https:\/\/www3.unicentro.br\/galeriavirtual\/wp-content\/uploads\/sites\/102\/2020\/11\/de-aca-para-alla-150x150.png 150w, https:\/\/www3.unicentro.br\/galeriavirtual\/wp-content\/uploads\/sites\/102\/2020\/11\/de-aca-para-alla-50x50.png 50w, https:\/\/www3.unicentro.br\/galeriavirtual\/wp-content\/uploads\/sites\/102\/2020\/11\/de-aca-para-alla-80x80.png 80w, https:\/\/www3.unicentro.br\/galeriavirtual\/wp-content\/uploads\/sites\/102\/2020\/11\/de-aca-para-alla-100x100.png 100w, https:\/\/www3.unicentro.br\/galeriavirtual\/wp-content\/uploads\/sites\/102\/2020\/11\/de-aca-para-alla-255x253.png 255w, https:\/\/www3.unicentro.br\/galeriavirtual\/wp-content\/uploads\/sites\/102\/2020\/11\/de-aca-para-alla.png 534w\" sizes=\"auto, (max-width: 300px) 100vw, 300px\" \/><\/p>\n","protected":false},"excerpt":{"rendered":"<p>Esta m\u00fasica foi composta Hellen Jaine Winyk a partir da partitura gr\u00e1fica criada pelo m\u00fasico espanhol Fernando Palacios. Esta composi\u00e7\u00e3o foi um exerc\u00edcio de integra\u00e7\u00e3o das artes realizado na disciplina de T\u00f3picos Especiais 4, ministrada pela professora Daiane S. S. Cunha na Licenciatura em Arte da Unicentro. &nbsp;<\/p>\n","protected":false},"author":307,"featured_media":211,"comment_status":"open","ping_status":"open","sticky":false,"template":"","format":"audio","meta":{"_exactmetrics_skip_tracking":false,"_exactmetrics_sitenote_active":false,"_exactmetrics_sitenote_note":"","_exactmetrics_sitenote_category":0,"footnotes":"","_links_to":"","_links_to_target":""},"categories":[10,14],"tags":[],"class_list":["post-165","post","type-post","status-publish","format-audio","has-post-thumbnail","hentry","category-10","category-topicos-iv","post_format-post-format-audio"],"_links":{"self":[{"href":"https:\/\/www3.unicentro.br\/galeriavirtual\/wp-json\/wp\/v2\/posts\/165","targetHints":{"allow":["GET"]}}],"collection":[{"href":"https:\/\/www3.unicentro.br\/galeriavirtual\/wp-json\/wp\/v2\/posts"}],"about":[{"href":"https:\/\/www3.unicentro.br\/galeriavirtual\/wp-json\/wp\/v2\/types\/post"}],"author":[{"embeddable":true,"href":"https:\/\/www3.unicentro.br\/galeriavirtual\/wp-json\/wp\/v2\/users\/307"}],"replies":[{"embeddable":true,"href":"https:\/\/www3.unicentro.br\/galeriavirtual\/wp-json\/wp\/v2\/comments?post=165"}],"version-history":[{"count":0,"href":"https:\/\/www3.unicentro.br\/galeriavirtual\/wp-json\/wp\/v2\/posts\/165\/revisions"}],"wp:featuredmedia":[{"embeddable":true,"href":"https:\/\/www3.unicentro.br\/galeriavirtual\/wp-json\/wp\/v2\/media\/211"}],"wp:attachment":[{"href":"https:\/\/www3.unicentro.br\/galeriavirtual\/wp-json\/wp\/v2\/media?parent=165"}],"wp:term":[{"taxonomy":"category","embeddable":true,"href":"https:\/\/www3.unicentro.br\/galeriavirtual\/wp-json\/wp\/v2\/categories?post=165"},{"taxonomy":"post_tag","embeddable":true,"href":"https:\/\/www3.unicentro.br\/galeriavirtual\/wp-json\/wp\/v2\/tags?post=165"}],"curies":[{"name":"wp","href":"https:\/\/api.w.org\/{rel}","templated":true}]}}