{"id":152,"date":"2020-11-04T17:54:00","date_gmt":"2020-11-04T20:54:00","guid":{"rendered":"https:\/\/www3.unicentro.br\/galeriavirtual\/?p=152"},"modified":"2020-11-04T17:54:00","modified_gmt":"2020-11-04T20:54:00","slug":"alivio","status":"publish","type":"post","link":"https:\/\/www3.unicentro.br\/galeriavirtual\/2020\/11\/04\/alivio\/","title":{"rendered":"Al\u00edvio"},"content":{"rendered":"<audio class=\"wp-audio-shortcode\" id=\"audio-152-1\" preload=\"none\" style=\"width: 100%;\" controls=\"controls\"><source type=\"audio\/mpeg\" src=\"https:\/\/www3.unicentro.br\/galeriavirtual\/wp-content\/uploads\/sites\/102\/2020\/11\/Alivio-Ellen-Simao-Marcondes.mp3?_=1\" \/><a href=\"https:\/\/www3.unicentro.br\/galeriavirtual\/wp-content\/uploads\/sites\/102\/2020\/11\/Alivio-Ellen-Simao-Marcondes.mp3\">https:\/\/www3.unicentro.br\/galeriavirtual\/wp-content\/uploads\/sites\/102\/2020\/11\/Alivio-Ellen-Simao-Marcondes.mp3<\/a><\/audio>\n<p>&nbsp;<\/p>\n<p>Esta m\u00fasica foi composta por Ellen Sim\u00e3o Marcondes na disciplina de T\u00f3picos Especiais 4, ministrada pela professora Daiane S. S. Cunha na Licenciatura em Arte da Unicentro, como pr\u00e1tica experimental de composi\u00e7\u00e3o em m\u00fasica concreta.<br \/>\nPara esta pr\u00e1tica de m\u00fasica concreta pedi que minha irm\u00e3 gravasse um \u00e1udio enquanto fazia sua caminhada pela fazenda onde mora, pois queria um mapa sonoro de um ambiente calmo e lo-fi. Ela fez o percurso acompanhada de seu cachorro o que enriqueceu o \u00e1udio original gerando sons interessantes. Editei os simples originais colocando efeitos que mudassem o som de forma que ficassem mais \u201crob\u00f3ticos\u201d na ideia de trazer um contraste com sons da natureza. Os resultados dos sons produzidos t\u00eam a intencionalidade de trazer desconforto e agita\u00e7\u00e3o. Aos poucos fui diminuindo os efeitos de forma que os sons fossem voltando para o original, trazendo sensa\u00e7\u00e3o de calma e al\u00edvio. Utilizei o som da respira\u00e7\u00e3o da minha irm\u00e3 para interagir com o ambiente e refor\u00e7ar a minha inten\u00e7\u00e3o em demonstrar o contraste entre as sensa\u00e7\u00f5es, utilizei o mesmo sample da respira\u00e7\u00e3o alterando o tempo e com diferentes efeitos durante todo o \u00e1udio. O resultado me trouxe a mente algo menos concreto. Tive a impress\u00e3o de que os sons estavam traduzindo sentimentos e emo\u00e7\u00f5es de algu\u00e9m perturbado, mas que logo em seguida encontrou al\u00edvio, por este motivo nominei minha performance de \u201cAl\u00edvio\u201d.<\/p>\n","protected":false},"excerpt":{"rendered":"<p>&nbsp; Esta m\u00fasica foi composta por Ellen Sim\u00e3o Marcondes na disciplina de T\u00f3picos Especiais 4, ministrada pela professora Daiane S. S. Cunha na Licenciatura em Arte da Unicentro, como pr\u00e1tica experimental de composi\u00e7\u00e3o em m\u00fasica concreta. Para esta pr\u00e1tica de m\u00fasica concreta pedi que minha irm\u00e3 gravasse um \u00e1udio enquanto fazia sua caminhada pela fazenda [&hellip;]<\/p>\n","protected":false},"author":307,"featured_media":0,"comment_status":"open","ping_status":"open","sticky":false,"template":"","format":"standard","meta":{"_exactmetrics_skip_tracking":false,"_exactmetrics_sitenote_active":false,"_exactmetrics_sitenote_note":"","_exactmetrics_sitenote_category":0,"footnotes":"","_links_to":"","_links_to_target":""},"categories":[10,14],"tags":[],"class_list":["post-152","post","type-post","status-publish","format-standard","hentry","category-10","category-topicos-iv"],"_links":{"self":[{"href":"https:\/\/www3.unicentro.br\/galeriavirtual\/wp-json\/wp\/v2\/posts\/152","targetHints":{"allow":["GET"]}}],"collection":[{"href":"https:\/\/www3.unicentro.br\/galeriavirtual\/wp-json\/wp\/v2\/posts"}],"about":[{"href":"https:\/\/www3.unicentro.br\/galeriavirtual\/wp-json\/wp\/v2\/types\/post"}],"author":[{"embeddable":true,"href":"https:\/\/www3.unicentro.br\/galeriavirtual\/wp-json\/wp\/v2\/users\/307"}],"replies":[{"embeddable":true,"href":"https:\/\/www3.unicentro.br\/galeriavirtual\/wp-json\/wp\/v2\/comments?post=152"}],"version-history":[{"count":0,"href":"https:\/\/www3.unicentro.br\/galeriavirtual\/wp-json\/wp\/v2\/posts\/152\/revisions"}],"wp:attachment":[{"href":"https:\/\/www3.unicentro.br\/galeriavirtual\/wp-json\/wp\/v2\/media?parent=152"}],"wp:term":[{"taxonomy":"category","embeddable":true,"href":"https:\/\/www3.unicentro.br\/galeriavirtual\/wp-json\/wp\/v2\/categories?post=152"},{"taxonomy":"post_tag","embeddable":true,"href":"https:\/\/www3.unicentro.br\/galeriavirtual\/wp-json\/wp\/v2\/tags?post=152"}],"curies":[{"name":"wp","href":"https:\/\/api.w.org\/{rel}","templated":true}]}}