{"id":149,"date":"2020-11-04T17:52:52","date_gmt":"2020-11-04T20:52:52","guid":{"rendered":"https:\/\/www3.unicentro.br\/galeriavirtual\/?p=149"},"modified":"2020-11-04T17:52:52","modified_gmt":"2020-11-04T20:52:52","slug":"rua-dos-ostinatos","status":"publish","type":"post","link":"https:\/\/www3.unicentro.br\/galeriavirtual\/2020\/11\/04\/rua-dos-ostinatos\/","title":{"rendered":"Rua dos Ostinatos"},"content":{"rendered":"<audio class=\"wp-audio-shortcode\" id=\"audio-149-1\" preload=\"none\" style=\"width: 100%;\" controls=\"controls\"><source type=\"audio\/mpeg\" src=\"https:\/\/www3.unicentro.br\/galeriavirtual\/wp-content\/uploads\/sites\/102\/2020\/11\/Rua-dos-Ostinatos-HELLEN-JAINE-WINYK.mp3?_=1\" \/><a href=\"https:\/\/www3.unicentro.br\/galeriavirtual\/wp-content\/uploads\/sites\/102\/2020\/11\/Rua-dos-Ostinatos-HELLEN-JAINE-WINYK.mp3\">https:\/\/www3.unicentro.br\/galeriavirtual\/wp-content\/uploads\/sites\/102\/2020\/11\/Rua-dos-Ostinatos-HELLEN-JAINE-WINYK.mp3<\/a><\/audio>\n<p>Esta m\u00fasica foi composta por HELLEN JAINE WINYK na disciplina de T\u00f3picos Especiais 4, ministrada pela professora Daiane S. S. Cunha na Licenciatura em Arte da Unicentro, como pr\u00e1tica experimental de composi\u00e7\u00e3o em m\u00fasica concreta.<br \/>\nA minha composi\u00e7\u00e3o de m\u00fasica concreta intitulada Rua dos Ostinatos \u00e9 uma reflex\u00e3o sobre os sons que ou\u00e7o diariamente repetidas vezes ao dia, que s\u00e3o emitidos da rua onde moro. Para representar est\u00e1 sensa\u00e7\u00e3o de repeti\u00e7\u00e3o trabalhei com os sons coletados editando-os para formarem ostinatos. Pelo fato da rua ser movimentada n\u00e3o \u00e9 poss\u00edvel a identifica\u00e7\u00e3o completa de todos os sons produzidos, ent\u00e3o atrav\u00e9s da utiliza\u00e7\u00e3o de alguns efeitos do Audacity realizei modifica\u00e7\u00f5es nos samples a fim de que eles n\u00e3o fossem totalmente identificados.<\/p>\n","protected":false},"excerpt":{"rendered":"<p>Esta m\u00fasica foi composta por HELLEN JAINE WINYK na disciplina de T\u00f3picos Especiais 4, ministrada pela professora Daiane S. S. Cunha na Licenciatura em Arte da Unicentro, como pr\u00e1tica experimental de composi\u00e7\u00e3o em m\u00fasica concreta. A minha composi\u00e7\u00e3o de m\u00fasica concreta intitulada Rua dos Ostinatos \u00e9 uma reflex\u00e3o sobre os sons que ou\u00e7o diariamente repetidas [&hellip;]<\/p>\n","protected":false},"author":307,"featured_media":0,"comment_status":"open","ping_status":"open","sticky":false,"template":"","format":"standard","meta":{"_exactmetrics_skip_tracking":false,"_exactmetrics_sitenote_active":false,"_exactmetrics_sitenote_note":"","_exactmetrics_sitenote_category":0,"footnotes":"","_links_to":"","_links_to_target":""},"categories":[10,14],"tags":[],"class_list":["post-149","post","type-post","status-publish","format-standard","hentry","category-10","category-topicos-iv"],"_links":{"self":[{"href":"https:\/\/www3.unicentro.br\/galeriavirtual\/wp-json\/wp\/v2\/posts\/149","targetHints":{"allow":["GET"]}}],"collection":[{"href":"https:\/\/www3.unicentro.br\/galeriavirtual\/wp-json\/wp\/v2\/posts"}],"about":[{"href":"https:\/\/www3.unicentro.br\/galeriavirtual\/wp-json\/wp\/v2\/types\/post"}],"author":[{"embeddable":true,"href":"https:\/\/www3.unicentro.br\/galeriavirtual\/wp-json\/wp\/v2\/users\/307"}],"replies":[{"embeddable":true,"href":"https:\/\/www3.unicentro.br\/galeriavirtual\/wp-json\/wp\/v2\/comments?post=149"}],"version-history":[{"count":0,"href":"https:\/\/www3.unicentro.br\/galeriavirtual\/wp-json\/wp\/v2\/posts\/149\/revisions"}],"wp:attachment":[{"href":"https:\/\/www3.unicentro.br\/galeriavirtual\/wp-json\/wp\/v2\/media?parent=149"}],"wp:term":[{"taxonomy":"category","embeddable":true,"href":"https:\/\/www3.unicentro.br\/galeriavirtual\/wp-json\/wp\/v2\/categories?post=149"},{"taxonomy":"post_tag","embeddable":true,"href":"https:\/\/www3.unicentro.br\/galeriavirtual\/wp-json\/wp\/v2\/tags?post=149"}],"curies":[{"name":"wp","href":"https:\/\/api.w.org\/{rel}","templated":true}]}}