{"id":143,"date":"2020-11-04T17:50:10","date_gmt":"2020-11-04T20:50:10","guid":{"rendered":"https:\/\/www3.unicentro.br\/galeriavirtual\/?p=143"},"modified":"2020-11-04T17:50:10","modified_gmt":"2020-11-04T20:50:10","slug":"meus-caos-diario","status":"publish","type":"post","link":"https:\/\/www3.unicentro.br\/galeriavirtual\/2020\/11\/04\/meus-caos-diario\/","title":{"rendered":"Meus caos di\u00e1rio"},"content":{"rendered":"<p>&nbsp;<\/p>\n<audio class=\"wp-audio-shortcode\" id=\"audio-143-1\" preload=\"none\" style=\"width: 100%;\" controls=\"controls\"><source type=\"audio\/mpeg\" src=\"https:\/\/www3.unicentro.br\/galeriavirtual\/wp-content\/uploads\/sites\/102\/2020\/11\/Meu-Caos-Diario-LEYCIANE-MENDES.mp3?_=1\" \/><a href=\"https:\/\/www3.unicentro.br\/galeriavirtual\/wp-content\/uploads\/sites\/102\/2020\/11\/Meu-Caos-Diario-LEYCIANE-MENDES.mp3\">https:\/\/www3.unicentro.br\/galeriavirtual\/wp-content\/uploads\/sites\/102\/2020\/11\/Meu-Caos-Diario-LEYCIANE-MENDES.mp3<\/a><\/audio>\n<p>Esta m\u00fasica foi composta por Leyciane Mendes na disciplina de T\u00f3picos Especiais 4, ministrada pela professora Daiane S. S. Cunha na Licenciatura em Arte da Unicentro, como pr\u00e1tica experimental de composi\u00e7\u00e3o em m\u00fasica concreta.<br \/>\nGravei v\u00e1rias m\u00e1quinas em funcionamento, minha pr\u00f3pria voz, o cachorro e peguei o \u00e1udio que um amigo me mandou um tempo atr\u00e1s. Depois procurei passar por todos os processos solicitados e, assim, simular um dia da minha tranquila vida.<\/p>\n","protected":false},"excerpt":{"rendered":"<p>&nbsp; Esta m\u00fasica foi composta por Leyciane Mendes na disciplina de T\u00f3picos Especiais 4, ministrada pela professora Daiane S. S. Cunha na Licenciatura em Arte da Unicentro, como pr\u00e1tica experimental de composi\u00e7\u00e3o em m\u00fasica concreta. Gravei v\u00e1rias m\u00e1quinas em funcionamento, minha pr\u00f3pria voz, o cachorro e peguei o \u00e1udio que um amigo me mandou um [&hellip;]<\/p>\n","protected":false},"author":307,"featured_media":0,"comment_status":"open","ping_status":"open","sticky":false,"template":"","format":"standard","meta":{"_exactmetrics_skip_tracking":false,"_exactmetrics_sitenote_active":false,"_exactmetrics_sitenote_note":"","_exactmetrics_sitenote_category":0,"footnotes":"","_links_to":"","_links_to_target":""},"categories":[10,14],"tags":[],"class_list":["post-143","post","type-post","status-publish","format-standard","hentry","category-10","category-topicos-iv"],"_links":{"self":[{"href":"https:\/\/www3.unicentro.br\/galeriavirtual\/wp-json\/wp\/v2\/posts\/143","targetHints":{"allow":["GET"]}}],"collection":[{"href":"https:\/\/www3.unicentro.br\/galeriavirtual\/wp-json\/wp\/v2\/posts"}],"about":[{"href":"https:\/\/www3.unicentro.br\/galeriavirtual\/wp-json\/wp\/v2\/types\/post"}],"author":[{"embeddable":true,"href":"https:\/\/www3.unicentro.br\/galeriavirtual\/wp-json\/wp\/v2\/users\/307"}],"replies":[{"embeddable":true,"href":"https:\/\/www3.unicentro.br\/galeriavirtual\/wp-json\/wp\/v2\/comments?post=143"}],"version-history":[{"count":0,"href":"https:\/\/www3.unicentro.br\/galeriavirtual\/wp-json\/wp\/v2\/posts\/143\/revisions"}],"wp:attachment":[{"href":"https:\/\/www3.unicentro.br\/galeriavirtual\/wp-json\/wp\/v2\/media?parent=143"}],"wp:term":[{"taxonomy":"category","embeddable":true,"href":"https:\/\/www3.unicentro.br\/galeriavirtual\/wp-json\/wp\/v2\/categories?post=143"},{"taxonomy":"post_tag","embeddable":true,"href":"https:\/\/www3.unicentro.br\/galeriavirtual\/wp-json\/wp\/v2\/tags?post=143"}],"curies":[{"name":"wp","href":"https:\/\/api.w.org\/{rel}","templated":true}]}}