{"id":3662,"date":"2024-02-09T14:53:57","date_gmt":"2024-02-09T17:53:57","guid":{"rendered":"https:\/\/www3.unicentro.br\/especializacao\/?p=3662"},"modified":"2024-02-09T14:53:57","modified_gmt":"2024-02-09T17:53:57","slug":"edital-no-022-2024-propesp-nupg-nead-unicentro-classificacao-final-e-convocacao-para-matricula-do-processo-seletivo-para-vagas-remanescentes-de-alunos-para-o-curso-de-posgraduacao-lato-sensu-em-educ","status":"publish","type":"post","link":"https:\/\/www3.unicentro.br\/especializacao\/2024\/02\/09\/edital-no-022-2024-propesp-nupg-nead-unicentro-classificacao-final-e-convocacao-para-matricula-do-processo-seletivo-para-vagas-remanescentes-de-alunos-para-o-curso-de-posgraduacao-lato-sensu-em-educ\/","title":{"rendered":"EDITAL N\u00ba 022\/2024 PROPESP\/NUPG\/NEAD\/UNICENTRO &#8211; CLASSIFICA\u00c7\u00c3O FINAL E CONVOCA\u00c7\u00c3O PARA MATR\u00cdCULA DO PROCESSO SELETIVO PARA VAGAS REMANESCENTES DE ALUNOS PARA O CURSO DE P\u00d3SGRADUA\u00c7\u00c3O LATO SENSU EM EDUCA\u00c7\u00c3O DIGITAL PARA OS ANOS INICIAIS DO ENSINO FUNDAMENTAL \u2013 MODALIDADE DE EDUCA\u00c7\u00c3O A DIST\u00c2NCIA"},"content":{"rendered":"<p><strong><span style=\"font-size: 18pt;font-family: arial, helvetica, sans-serif\"><a href=\"https:\/\/www3.unicentro.br\/especializacao\/wp-content\/uploads\/sites\/64\/2024\/02\/Edital-022-2024-Classificacao-Final-e-Convocacao-para-matricula-Educacao-Digital.pdf\">CLIQUE AQUI PARA ACESSAR O EDITAL<\/a><\/span><\/strong><\/p>\n","protected":false},"excerpt":{"rendered":"<p>CLIQUE AQUI PARA ACESSAR O EDITAL<\/p>\n","protected":false},"author":379,"featured_media":0,"comment_status":"open","ping_status":"open","sticky":false,"template":"","format":"standard","meta":{"_exactmetrics_skip_tracking":false,"_exactmetrics_sitenote_active":false,"_exactmetrics_sitenote_note":"","_exactmetrics_sitenote_category":0,"footnotes":"","_links_to":"","_links_to_target":""},"categories":[6,10,37,9],"tags":[],"class_list":["post-3662","post","type-post","status-publish","format-standard","hentry","category-a-distancia","category-editais","category-educacao-digital-para-os-anos-iniciais-do-ensino-fundamental","category-noticias"],"_links":{"self":[{"href":"https:\/\/www3.unicentro.br\/especializacao\/wp-json\/wp\/v2\/posts\/3662","targetHints":{"allow":["GET"]}}],"collection":[{"href":"https:\/\/www3.unicentro.br\/especializacao\/wp-json\/wp\/v2\/posts"}],"about":[{"href":"https:\/\/www3.unicentro.br\/especializacao\/wp-json\/wp\/v2\/types\/post"}],"author":[{"embeddable":true,"href":"https:\/\/www3.unicentro.br\/especializacao\/wp-json\/wp\/v2\/users\/379"}],"replies":[{"embeddable":true,"href":"https:\/\/www3.unicentro.br\/especializacao\/wp-json\/wp\/v2\/comments?post=3662"}],"version-history":[{"count":1,"href":"https:\/\/www3.unicentro.br\/especializacao\/wp-json\/wp\/v2\/posts\/3662\/revisions"}],"predecessor-version":[{"id":3664,"href":"https:\/\/www3.unicentro.br\/especializacao\/wp-json\/wp\/v2\/posts\/3662\/revisions\/3664"}],"wp:attachment":[{"href":"https:\/\/www3.unicentro.br\/especializacao\/wp-json\/wp\/v2\/media?parent=3662"}],"wp:term":[{"taxonomy":"category","embeddable":true,"href":"https:\/\/www3.unicentro.br\/especializacao\/wp-json\/wp\/v2\/categories?post=3662"},{"taxonomy":"post_tag","embeddable":true,"href":"https:\/\/www3.unicentro.br\/especializacao\/wp-json\/wp\/v2\/tags?post=3662"}],"curies":[{"name":"wp","href":"https:\/\/api.w.org\/{rel}","templated":true}]}}