{"id":497,"date":"2026-02-19T11:18:26","date_gmt":"2026-02-19T14:18:26","guid":{"rendered":"https:\/\/www3.unicentro.br\/entredocentes\/?p=497"},"modified":"2026-02-27T16:18:33","modified_gmt":"2026-02-27T19:18:33","slug":"projeto-redescobrir-se-preparacao-para-a-aposentadoria","status":"publish","type":"post","link":"https:\/\/www3.unicentro.br\/entredocentes\/projeto-redescobrir-se-preparacao-para-a-aposentadoria\/","title":{"rendered":"Projeto Redescobrir-se: Prepara\u00e7\u00e3o para a Aposentadoria"},"content":{"rendered":"<div class=\"wpb-content-wrapper\"><p>[vc_row][vc_column][vc_column_text css=&#8221;&#8221;]A Universidade Estadual do Centro-Oeste \u2013 UNICENTRO, por meio do N\u00facleo de Forma\u00e7\u00e3o e Assessoria Pedag\u00f3gica &#8211; NUFAP-ENTREDOCENTES\u00a0e da Pr\u00f3-Reitoria de Gest\u00e3o de Pessoas (PROGESP), convida os servidores docentes e agentes universit\u00e1rios que se encontram em abono de perman\u00eancia a participarem do\u00a0<strong>Projeto Redescobrir-se: Prepara\u00e7\u00e3o para a Aposentadoria<\/strong>.<\/p>\n<p>Sabemos que a aposentadoria \u00e9 uma etapa marcada por mudan\u00e7as significativas, que podem despertar sentimentos diversos \u2014 da liberdade ao desafio de reorganizar a vida pessoal, social e emocional. Pensando nisso, o projeto foi desenvolvido para oferecer um espa\u00e7o de reflex\u00e3o, escuta e orienta\u00e7\u00e3o, auxiliando cada participante a construir, com seguran\u00e7a e qualidade de vida, seu projeto de futuro.<\/p>\n<p>Com carga hor\u00e1ria total de 60 horas, distribu\u00eddas em encontros mensais, em\u00a0<b>Guarapuava e Irati<\/b>, o projeto contar\u00e1 com palestras, oficinas e atividades vivenciais conduzidas por profissionais de diferentes \u00e1reas, abordando temas como sa\u00fade, bem-estar, organiza\u00e7\u00e3o financeira, aspectos legais, alimenta\u00e7\u00e3o, planejamento de vida e os impactos emocionais da transi\u00e7\u00e3o para a aposentadoria.<\/p>\n<p>Participar do\u00a0<strong>Redescobrir-se<\/strong>\u00a0\u00e9 uma oportunidade de preparar-se de forma consciente e acolhedora para essa nova fase, fortalecendo autonomia, bem-estar e novos sentidos para o cotidiano.<\/p>\n<p><strong>Convidamos voc\u00ea a integrar este espa\u00e7o de di\u00e1logo, aprendizado e constru\u00e7\u00e3o coletiva.<\/strong>\u00a0O cronograma est\u00e1 em anexo neste e-mail e as inscri\u00e7\u00f5es ser\u00e3o divulgadas pelos canais oficiais da universidade.<\/p>\n<p>Sua presen\u00e7a ser\u00e1 muito bem-vinda.<\/p>\n<p>Em Guarapuava e em Irati, os encontros ocorrer\u00e3o sempre \u00e0 tarde das 13:30 as 17:00. Acesse o <a href=\"https:\/\/www3.unicentro.br\/entredocentes\/cronograma-ppa\/\">cronograma<\/a> do projeto para ver os locais do evento.<\/p>\n<p>[\/vc_column_text][\/vc_column][\/vc_row]<\/p>\n<\/div>","protected":false},"excerpt":{"rendered":"<p>[vc_row][vc_column][vc_column_text css=&#8221;&#8221;]A Universidade Estadual do Centro-Oeste \u2013 UNICENTRO, por meio do N\u00facleo de Forma\u00e7\u00e3o e Assessoria Pedag\u00f3gica &#8211; NUFAP-ENTREDOCENTES\u00a0e da Pr\u00f3-Reitoria de Gest\u00e3o de Pessoas (PROGESP), convida os servidores docentes e agentes universit\u00e1rios que se encontram em abono de perman\u00eancia a participarem do\u00a0Projeto Redescobrir-se: Prepara\u00e7\u00e3o para a Aposentadoria. Sabemos que a aposentadoria \u00e9 uma etapa [&hellip;]<\/p>\n","protected":false},"author":899,"featured_media":0,"comment_status":"open","ping_status":"open","sticky":false,"template":"","format":"standard","meta":{"_exactmetrics_skip_tracking":false,"_exactmetrics_sitenote_active":false,"_exactmetrics_sitenote_note":"","_exactmetrics_sitenote_category":0,"footnotes":"","_links_to":"","_links_to_target":""},"categories":[1],"tags":[],"class_list":["post-497","post","type-post","status-publish","format-standard","hentry","category-sem-categoria"],"_links":{"self":[{"href":"https:\/\/www3.unicentro.br\/entredocentes\/wp-json\/wp\/v2\/posts\/497","targetHints":{"allow":["GET"]}}],"collection":[{"href":"https:\/\/www3.unicentro.br\/entredocentes\/wp-json\/wp\/v2\/posts"}],"about":[{"href":"https:\/\/www3.unicentro.br\/entredocentes\/wp-json\/wp\/v2\/types\/post"}],"author":[{"embeddable":true,"href":"https:\/\/www3.unicentro.br\/entredocentes\/wp-json\/wp\/v2\/users\/899"}],"replies":[{"embeddable":true,"href":"https:\/\/www3.unicentro.br\/entredocentes\/wp-json\/wp\/v2\/comments?post=497"}],"version-history":[{"count":2,"href":"https:\/\/www3.unicentro.br\/entredocentes\/wp-json\/wp\/v2\/posts\/497\/revisions"}],"predecessor-version":[{"id":555,"href":"https:\/\/www3.unicentro.br\/entredocentes\/wp-json\/wp\/v2\/posts\/497\/revisions\/555"}],"wp:attachment":[{"href":"https:\/\/www3.unicentro.br\/entredocentes\/wp-json\/wp\/v2\/media?parent=497"}],"wp:term":[{"taxonomy":"category","embeddable":true,"href":"https:\/\/www3.unicentro.br\/entredocentes\/wp-json\/wp\/v2\/categories?post=497"},{"taxonomy":"post_tag","embeddable":true,"href":"https:\/\/www3.unicentro.br\/entredocentes\/wp-json\/wp\/v2\/tags?post=497"}],"curies":[{"name":"wp","href":"https:\/\/api.w.org\/{rel}","templated":true}]}}