{"id":802,"date":"2023-06-07T16:38:44","date_gmt":"2023-06-07T19:38:44","guid":{"rendered":"https:\/\/www3.unicentro.br\/educartgeo\/?p=802"},"modified":"2023-06-16T10:35:11","modified_gmt":"2023-06-16T13:35:11","slug":"concurso-de-cartografia-para-criancas-2023-edicao-local-por-um-mundo-mais-sustentavel","status":"publish","type":"post","link":"https:\/\/www3.unicentro.br\/educartgeo\/2023\/06\/07\/concurso-de-cartografia-para-criancas-2023-edicao-local-por-um-mundo-mais-sustentavel\/","title":{"rendered":"Concurso de Cartografia para Crian\u00e7as 2023 &#8211; Edi\u00e7\u00e3o Local &#8211; Por um Mundo Mais Sustent\u00e1vel!"},"content":{"rendered":"<div style=\"text-align: center\"><span style=\"font-size: 36pt;font-family: helvetica, arial, sans-serif\">Participe da nova <span style=\"color: #008000\"><strong>edi\u00e7\u00e3o local<\/strong><\/span> do<\/span><\/div>\n<div style=\"text-align: center\"><span style=\"color: #008000\"><strong><span style=\"font-size: 36pt;font-family: helvetica, arial, sans-serif\">Concurso de Cartografia para Crian\u00e7as!<\/span><\/strong><\/span><br \/>\n<span style=\"font-size: 24pt;font-family: helvetica, arial, sans-serif\">O tema deste ano \u00e9: <\/span><span style=\"color: #339966;font-size: 24pt\"><strong><span style=\"font-family: helvetica, arial, sans-serif\">MAPEANDO O FUTURO<br \/>\n<\/span><\/strong><\/span><span style=\"font-size: 18pt\"><span style=\"font-family: helvetica, arial, sans-serif\">Subtema: <\/span><span style=\"color: #339966\"><span style=\"font-family: helvetica, arial, sans-serif\"><strong>POR UM MUNDO MAIS SUSTENT\u00c1VEL<\/strong><\/span><\/span><\/span><\/div>\n<div><\/div>\n<div>\n<p>O objetivo do \u201cConcurso Cartografia para Crian\u00e7as\u201d \u00e9 possibilitar a amplia\u00e7\u00e3o das fronteiras da Cartografia, embasado na premissa b\u00e1sica de estimular as nossas crian\u00e7as a atuarem como protagonistas, para a forma\u00e7\u00e3o de uma mentalidade cartogr\u00e1fica nas novas gera\u00e7\u00f5es, familiarizando nossas crian\u00e7as, desde cedo, com a leitura e interpreta\u00e7\u00e3o de mapas.<\/p>\n<p class=\"font_9 wixui-rich-text__text\"><strong><span class=\"color_15 wixui-rich-text__text\" style=\"font-size: 18pt\"><span class=\"wixui-rich-text__text\">Regras para participar do Concurso<\/span><br \/>\n<\/span><\/strong><span class=\"color_15 wixui-rich-text__text\" style=\"font-size: 10pt\">(essas regras est\u00e3o baseadas no concurso nacional e os desenhos ser\u00e3o enviados ao mesmo)<\/span><\/p>\n<p class=\"font_9 wixui-rich-text__text\"><span class=\"color_15 wixui-rich-text__text\">A faixa et\u00e1ria do concurso, sendo que os desenhos s\u00e3o individuais, \u00e9 de <strong>12 a 15 anos<\/strong><\/span><\/p>\n<p class=\"font_9 wixui-rich-text__text\"><span class=\"color_15 wixui-rich-text__text\">No julgamento dos desenhos ser\u00e3o utilizados 3 (tr\u00eas) crit\u00e9rios:<\/span><\/p>\n<ul class=\"font_9 wix-list-text-align color_15 wixui-rich-text__text\">\n<li class=\"wixui-rich-text__text\">\n<p class=\"font_9 wixui-rich-text__text\"><span class=\"color_15 wixui-rich-text__text\">Qualidade na execu\u00e7\u00e3o<\/span><\/p>\n<\/li>\n<li class=\"wixui-rich-text__text\">\n<p class=\"font_9 wixui-rich-text__text\"><span class=\"color_15 wixui-rich-text__text\">Uma mensagem reconhec\u00edvel<\/span><\/p>\n<\/li>\n<li class=\"wixui-rich-text__text\">\n<p class=\"font_9 wixui-rich-text__text\"><span class=\"color_15 wixui-rich-text__text\">Conte\u00fado cartogr\u00e1fico<\/span><\/p>\n<\/li>\n<\/ul>\n<p class=\"font_9 wixui-rich-text__text\"><span class=\"color_15 wixui-rich-text__text\">Em outras palavras, o Comit\u00ea em suas an\u00e1lises, buscar\u00e1:<\/span><\/p>\n<ul class=\"font_9 wix-list-text-align color_15 wixui-rich-text__text\">\n<li class=\"wixui-rich-text__text\">\n<p class=\"font_9 wixui-rich-text__text\"><span class=\"color_15 wixui-rich-text__text\">Uma conex\u00e3o reconhecida entre forma, figura e uso de elementos cartogr\u00e1ficos criativamente relacionados \u00e0 chamada do tema do concurso;<\/span><\/p>\n<\/li>\n<li class=\"wixui-rich-text__text\">\n<p class=\"font_9 wixui-rich-text__text\"><span class=\"color_15 wixui-rich-text__text\">Uma imagem reconhecida do mundo todo ou de parte dele no qual as figuras (formas) e relativas localiza\u00e7\u00f5es das massas da terra e dos oceanos est\u00e3o corretas quanto racionalmente se espera da idade da crian\u00e7a e dentro do contexto do \u201csistema de proje\u00e7\u00e3o\u201d usado;<\/span><\/p>\n<\/li>\n<li class=\"wixui-rich-text__text\">\n<p class=\"font_9 wixui-rich-text__text\"><span class=\"color_15 wixui-rich-text__text\">Elementos cartogr\u00e1ficos apropriados como s\u00edmbolos, cores e nomes que ajudem a se relacionar ao tema do concurso.<\/span><\/p>\n<\/li>\n<li class=\"wixui-rich-text__text\">\n<p class=\"font_9 wixui-rich-text__text\"><span class=\"color_15 wixui-rich-text__text\">Clareza e legibilidade com rela\u00e7\u00e3o ao ponto, linha e s\u00edmbolos de \u00e1rea apropriados aos meios de express\u00e3o, sejam no papel ou em outras superf\u00edcies, desenhados ou feitos de materiais naturais;<\/span><\/p>\n<\/li>\n<li class=\"wixui-rich-text__text\">\n<p class=\"font_9 wixui-rich-text__text\"><span class=\"color_15 wixui-rich-text__text\">Qualidade est\u00e9tica geral em assuntos como equil\u00edbrio e harmonia entre os elementos da imagem;<\/span><\/p>\n<\/li>\n<li class=\"wixui-rich-text__text\">\n<p class=\"font_9 wixui-rich-text__text\"><span class=\"color_15 wixui-rich-text__text\">S\u00f3 ser\u00e3o aceitos desenhos no tamanho A3 (420 mm x 297 mm) ou A4 (297 mm x 210 mm) e sua superf\u00edcie deve ser plana (lisa);<\/span><\/p>\n<\/li>\n<li class=\"wixui-rich-text__text\">\n<p class=\"font_9 wixui-rich-text__text\"><span class=\"color_15 wixui-rich-text__text\">Qualquer tipo de sistemas de proje\u00e7\u00f5es pode ser usado para gerar as linhas costeiras e outro material de base (por exemplo, os limites internacionais) e quadr\u00edculas e;<\/span><\/p>\n<\/li>\n<li class=\"wixui-rich-text__text\">\n<p class=\"font_9 wixui-rich-text__text\"><span class=\"color_15 wixui-rich-text__text\">O desenho deve ser uma pe\u00e7a de trabalho original e ela pode ser feita usando m\u00e9todos tradicionais para elabora\u00e7\u00e3o do desenho com esferogr\u00e1ficas, l\u00e1pis de cor, aquarelas etc.<\/span><\/p>\n<\/li>\n<\/ul>\n<p class=\"font_9 wixui-rich-text__text\"><span class=\"color_15 wixui-rich-text__text\">No verso de cada desenho deve ter, obrigatoriamente, as seguintes informa\u00e7\u00f5es:<\/span><\/p>\n<ul class=\"font_9 wix-list-text-align color_15 wixui-rich-text__text\">\n<li class=\"wixui-rich-text__text\">\n<p class=\"font_9 wixui-rich-text__text\"><span class=\"color_15 wixui-rich-text__text\">Nome completo do aluno;<\/span><\/p>\n<\/li>\n<li class=\"wixui-rich-text__text\">\n<p class=\"font_9 wixui-rich-text__text\"><span class=\"color_15 wixui-rich-text__text\">Idade do aluno e ano escolar;<\/span><\/p>\n<\/li>\n<li class=\"wixui-rich-text__text\">\n<p class=\"font_9 wixui-rich-text__text\"><span class=\"color_15 wixui-rich-text__text\">Nome do Professor\/Orientador;<\/span><\/p>\n<\/li>\n<li class=\"wixui-rich-text__text\">\n<p class=\"font_9 wixui-rich-text__text\"><span class=\"color_15 wixui-rich-text__text\">Nome da Escola;<\/span><\/p>\n<\/li>\n<li class=\"wixui-rich-text__text\">\n<p class=\"font_9 wixui-rich-text__text\"><span class=\"color_15 wixui-rich-text__text\">Endere\u00e7o completo da Escola (incluindo telefone para contato e e-mail);<\/span><\/p>\n<\/li>\n<li class=\"wixui-rich-text__text\">\n<p class=\"font_9 wixui-rich-text__text\"><span class=\"color_15 wixui-rich-text__text\">T\u00edtulo do Desenho: escrito em portugu\u00eas e em ingl\u00eas;<\/span><\/p>\n<\/li>\n<li class=\"wixui-rich-text__text\">\n<p class=\"font_9 wixui-rich-text__text\"><span class=\"color_15 wixui-rich-text__text\">Nome, e-mail e\/ou telefone de um dos respons\u00e1veis pela crian\u00e7a, quando houver.<\/span><\/p>\n<\/li>\n<li class=\"wixui-rich-text__text\">\n<p class=\"font_9 wixui-rich-text__text\"><span class=\"color_15 wixui-rich-text__text\">Resposta da pergunta: O que voc\u00ea quis expressar com esse desenho?<\/span><\/p>\n<\/li>\n<\/ul>\n<p>Para facilitar criamos essa etiqueta para voc\u00ea desenhar no verso ou colar no verso do desenho:<span style=\"color: #ff0000\"><strong> <a style=\"color: #ff0000\" href=\"https:\/\/www3.unicentro.br\/educartgeo\/download\/modelo-de-etiqueta\/\">FA\u00c7A O DOWNLOAD AQUI<\/a><\/strong><\/span><\/p>\n<p class=\"font_9 wixui-rich-text__text\"><span style=\"font-size: 24px\"><b>Para inscrever o seu desenho:<\/b><\/span><\/p>\n<p class=\"font_9 wixui-rich-text__text\"><span class=\"color_15 wixui-rich-text__text\">Enviar um e-mail com:<br \/>\n<strong>&#8211; Nomes dos Alunos<br \/>\n&#8211; Nome do professor<br \/>\n&#8211; Nome e endere\u00e7o da escola<br \/>\n&#8211; Telefone de contato do respons\u00e1vel da escola<\/strong><\/span><\/p>\n<p>Enviar no e-mail:<strong> educartgeo@unicentro.br<\/strong><\/p>\n<\/div>\n<div><\/div>\n<div class=\"wp-block-image\">\n<div class=\"wp-block-image\"><\/div>\n<\/div>\n","protected":false},"excerpt":{"rendered":"<p>Participe da nova edi\u00e7\u00e3o local do Concurso de Cartografia para Crian\u00e7as! O tema deste ano \u00e9: MAPEANDO O FUTURO Subtema: POR UM MUNDO MAIS SUSTENT\u00c1VEL O objetivo do \u201cConcurso Cartografia para Crian\u00e7as\u201d \u00e9 possibilitar a amplia\u00e7\u00e3o das fronteiras da Cartografia, embasado na premissa b\u00e1sica de estimular as nossas crian\u00e7as a atuarem como protagonistas, para a [&hellip;]<\/p>\n","protected":false},"author":282,"featured_media":0,"comment_status":"open","ping_status":"open","sticky":false,"template":"","format":"standard","meta":{"_exactmetrics_skip_tracking":false,"_exactmetrics_sitenote_active":false,"_exactmetrics_sitenote_note":"","_exactmetrics_sitenote_category":0,"footnotes":"","_links_to":"","_links_to_target":""},"categories":[1],"tags":[50],"class_list":["post-802","post","type-post","status-publish","format-standard","hentry","category-sem-categoria","tag-evento"],"_links":{"self":[{"href":"https:\/\/www3.unicentro.br\/educartgeo\/wp-json\/wp\/v2\/posts\/802","targetHints":{"allow":["GET"]}}],"collection":[{"href":"https:\/\/www3.unicentro.br\/educartgeo\/wp-json\/wp\/v2\/posts"}],"about":[{"href":"https:\/\/www3.unicentro.br\/educartgeo\/wp-json\/wp\/v2\/types\/post"}],"author":[{"embeddable":true,"href":"https:\/\/www3.unicentro.br\/educartgeo\/wp-json\/wp\/v2\/users\/282"}],"replies":[{"embeddable":true,"href":"https:\/\/www3.unicentro.br\/educartgeo\/wp-json\/wp\/v2\/comments?post=802"}],"version-history":[{"count":0,"href":"https:\/\/www3.unicentro.br\/educartgeo\/wp-json\/wp\/v2\/posts\/802\/revisions"}],"wp:attachment":[{"href":"https:\/\/www3.unicentro.br\/educartgeo\/wp-json\/wp\/v2\/media?parent=802"}],"wp:term":[{"taxonomy":"category","embeddable":true,"href":"https:\/\/www3.unicentro.br\/educartgeo\/wp-json\/wp\/v2\/categories?post=802"},{"taxonomy":"post_tag","embeddable":true,"href":"https:\/\/www3.unicentro.br\/educartgeo\/wp-json\/wp\/v2\/tags?post=802"}],"curies":[{"name":"wp","href":"https:\/\/api.w.org\/{rel}","templated":true}]}}