{"id":1840,"date":"2026-08-12T14:12:25","date_gmt":"2026-08-12T17:12:25","guid":{"rendered":"https:\/\/www3.unicentro.br\/dirc\/?p=1840"},"modified":"2026-08-18T14:18:43","modified_gmt":"2026-08-18T17:18:43","slug":"encontro-da-arte-folclorica-2026","status":"publish","type":"post","link":"https:\/\/www3.unicentro.br\/dirc\/2026\/08\/12\/encontro-da-arte-folclorica-2026\/","title":{"rendered":"Encontro da Arte Folcl\u00f3rica 2026"},"content":{"rendered":"<p>De 12 a 28 de agosto de 2026<br \/>\nO evento Encontro de Arte Folcl\u00f3rica 2026 Guarapuava Encantada: Mitos, Mem\u00f3ria e Tradi\u00e7\u00e3o \u00e9 promovido pela DIRC\/PROEC, a partir da valoriza\u00e7\u00e3o das narrativas populares, lendas urbanas, mitos regionais e mem\u00f3rias coletivas que constituem o imagin\u00e1rio cultural guarapuavano. Historicamente, as narrativas folcl\u00f3ricas ocupam importante papel na preserva\u00e7\u00e3o da mem\u00f3ria social, na constru\u00e7\u00e3o das identidades culturais e na transmiss\u00e3o de conhecimentos entre gera\u00e7\u00f5es. Em Guarapuava, hist\u00f3rias relacionadas a assombra\u00e7\u00f5es, lugares misteriosos, personagens lend\u00e1rios, tradi\u00e7\u00f5es ind\u00edgenas, tropeirismo e causos populares fazem parte do patrim\u00f4nio imaterial da regi\u00e3o e permanecem vivas por meio da oralidade. O evento pretende transformar essas hist\u00f3rias em experi\u00eancias art\u00edsticas e culturais, promovendo di\u00e1logo entre tradi\u00e7\u00e3o, arte e mem\u00f3ria coletiva.<\/p>\n<p>PROGRAMA\u00c7\u00c3O<\/p>\n<table style=\"border-collapse: collapse;width: 100%;height: 1249px\">\n<tbody>\n<tr style=\"height: 23px\">\n<td style=\"width: 32.0364%;text-align: center;height: 23px\" colspan=\"3\"><strong><br \/>\n<\/strong><strong>PROGRAMA\u00c7\u00c3O<\/strong><br \/>\n<strong><br \/>\n<\/strong><\/td>\n<\/tr>\n<tr style=\"height: 215px\">\n<td style=\"width: 32.0364%;height: 215px\" colspan=\"3\">\n<p style=\"text-align: center\"><strong>\u00a0<\/strong><\/p>\n<p style=\"text-align: center\"><strong>Tecendo uma Guarapuava Encantada<\/strong><br \/>\nEncontro da comunidade, artistas e artes\u00e3os para criar uma obra coletiva Por meio de de bordados, croch\u00ea, tecidos, patchwork e colagem t\u00eaxtil.<\/p>\n<p style=\"text-align: center\">Data: 12\/08\/2026<br \/>\nHor\u00e1rio: 14 horas<br \/>\nLocal: Quiosque da Unicentro<\/p>\n<p style=\"text-align: center\"><strong>\u00a0<\/strong><\/p>\n<\/td>\n<\/tr>\n<tr style=\"height: 191px\">\n<td style=\"width: 32.0364%;height: 191px\" colspan=\"3\">\n<p style=\"text-align: center\"><strong>\u00a0<\/strong><\/p>\n<p style=\"text-align: center\"><strong>Noite De Folclore e Tradi\u00e7\u00e3o<\/strong><br \/>\nM\u00fasica e dan\u00e7a com o CTG Fogo de Ch\u00e3o Apresenta\u00e7\u00e3o de gaita-ponto de Lucas Sequinel e alunos.<\/p>\n<p style=\"text-align: center\">Data: 20\/08\/2026<br \/>\nHor\u00e1rio: 19 horas<br \/>\nLocal: CTG Fogo de Ch\u00e3o<\/p>\n<p style=\"text-align: center\"><strong>\u00a0<\/strong><\/p>\n<\/td>\n<\/tr>\n<tr style=\"height: 287px\">\n<td style=\"width: 32.0364%;height: 287px\" colspan=\"3\">\n<p style=\"text-align: center\"><strong>\u00a0<\/strong><\/p>\n<p style=\"text-align: center\"><strong>Feira Saberes e Sabores<\/strong><br \/>\nIdealizada e criada com o prop\u00f3sito de incentivar a cultura, divulgar e comercializar produtos manufaturados, sejam produtos aliment\u00edcios ou art\u00edsticos.<\/p>\n<p style=\"text-align: center\">Data: 26\/08\/2026<br \/>\nHor\u00e1rio: das 9h a 21h<br \/>\nLocal: Hall do Audit\u00f3rio, Campus Santa Cruz<br \/>\n<strong>Apresenta\u00e7\u00f5es culturais a partir das 19h:<\/strong><br \/>\n* Grupo X da Quest\u00e3o<br \/>\n* Trio Unim\u00fasica<\/p>\n<p style=\"text-align: center\"><strong>\u00a0<\/strong><\/p>\n<\/td>\n<\/tr>\n<tr style=\"height: 191px\">\n<td style=\"width: 32.0364%;height: 191px\" colspan=\"3\">\n<p style=\"text-align: center\"><strong>\u00a0<\/strong><\/p>\n<p style=\"text-align: center\"><strong>Mostra Audiovisual<\/strong><br \/>\nEm duas sess\u00f5es o SESC realiza a mostra audiovisual em conjunto com o Encontro de Arte Folcl\u00f3rica 2026.<\/p>\n<p style=\"text-align: center\">Data: 27\/08\/2026<br \/>\nHor\u00e1rio: 14h e 15h30<br \/>\nLocal: Sala de Cinema Unicentro<\/p>\n<p style=\"text-align: center\"><strong>\u00a0<\/strong><\/p>\n<\/td>\n<\/tr>\n<tr style=\"height: 287px\">\n<td style=\"width: 32.0364%;height: 287px\" colspan=\"3\">\n<p style=\"text-align: center\"><strong>\u00a0<\/strong><\/p>\n<p style=\"text-align: center\"><strong>Encerramento do Encontro da Arte Folcl\u00f3rica<\/strong><br \/>\nEspet\u00e1culos:<\/p>\n<p style=\"text-align: center\">Sobre Pedras<\/p>\n<p style=\"text-align: center\">Propheta Jo\u00e3o Maria de Jez\u00fas<\/p>\n<p style=\"text-align: center\">Biruleibe em Terras vermelhas<\/p>\n<p style=\"text-align: center\">Data: 04\/09\/2026<br \/>\nHor\u00e1rio: 16 horas<br \/>\nLocal: Teatro Municipal Marina Karam Primak<strong>\u00a0<\/strong><\/p>\n<\/td>\n<\/tr>\n<\/tbody>\n<\/table>\n<div class=\"wp-block-image\">\n<div class=\"wp-block-image\"><\/div>\n<\/div>\n<p>&nbsp;<\/p>\n<div class=\"wp-block-image\"><\/div>\n<p>&nbsp;<\/p>\n","protected":false},"excerpt":{"rendered":"<p>De 12 a 28 de agosto de 2026 O evento Encontro de Arte Folcl\u00f3rica 2026 Guarapuava Encantada: Mitos, Mem\u00f3ria e Tradi\u00e7\u00e3o \u00e9 promovido pela DIRC\/PROEC, a partir da valoriza\u00e7\u00e3o das narrativas populares, lendas urbanas, mitos regionais e mem\u00f3rias coletivas que constituem o imagin\u00e1rio cultural guarapuavano. Historicamente, as narrativas folcl\u00f3ricas ocupam importante papel na preserva\u00e7\u00e3o da [&hellip;]<\/p>\n","protected":false},"author":633,"featured_media":1841,"comment_status":"open","ping_status":"open","sticky":false,"template":"","format":"standard","meta":{"_exactmetrics_skip_tracking":false,"footnotes":"","_links_to":"","_links_to_target":""},"categories":[4,5,11],"tags":[],"class_list":["post-1840","post","type-post","status-publish","format-standard","has-post-thumbnail","hentry","category-agenda-cultural","category-em-cartaz","category-noticias"],"publishpress_future_action":{"enabled":false,"date":"2026-09-10 07:46:26","action":"change-status","newStatus":"draft","terms":[],"taxonomy":"category","extraData":[]},"publishpress_future_workflow_manual_trigger":{"enabledWorkflows":[]},"_links":{"self":[{"href":"https:\/\/www3.unicentro.br\/dirc\/wp-json\/wp\/v2\/posts\/1840","targetHints":{"allow":["GET"]}}],"collection":[{"href":"https:\/\/www3.unicentro.br\/dirc\/wp-json\/wp\/v2\/posts"}],"about":[{"href":"https:\/\/www3.unicentro.br\/dirc\/wp-json\/wp\/v2\/types\/post"}],"author":[{"embeddable":true,"href":"https:\/\/www3.unicentro.br\/dirc\/wp-json\/wp\/v2\/users\/633"}],"replies":[{"embeddable":true,"href":"https:\/\/www3.unicentro.br\/dirc\/wp-json\/wp\/v2\/comments?post=1840"}],"version-history":[{"count":3,"href":"https:\/\/www3.unicentro.br\/dirc\/wp-json\/wp\/v2\/posts\/1840\/revisions"}],"predecessor-version":[{"id":1860,"href":"https:\/\/www3.unicentro.br\/dirc\/wp-json\/wp\/v2\/posts\/1840\/revisions\/1860"}],"wp:featuredmedia":[{"embeddable":true,"href":"https:\/\/www3.unicentro.br\/dirc\/wp-json\/wp\/v2\/media\/1841"}],"wp:attachment":[{"href":"https:\/\/www3.unicentro.br\/dirc\/wp-json\/wp\/v2\/media?parent=1840"}],"wp:term":[{"taxonomy":"category","embeddable":true,"href":"https:\/\/www3.unicentro.br\/dirc\/wp-json\/wp\/v2\/categories?post=1840"},{"taxonomy":"post_tag","embeddable":true,"href":"https:\/\/www3.unicentro.br\/dirc\/wp-json\/wp\/v2\/tags?post=1840"}],"curies":[{"name":"wp","href":"https:\/\/api.w.org\/{rel}","templated":true}]}}