{"id":1568,"date":"2025-05-06T13:08:19","date_gmt":"2025-05-06T16:08:19","guid":{"rendered":"https:\/\/www3.unicentro.br\/dirc\/?p=1568"},"modified":"2025-06-16T16:57:04","modified_gmt":"2025-06-16T19:57:04","slug":"1568","status":"publish","type":"post","link":"https:\/\/www3.unicentro.br\/dirc\/2025\/05\/06\/1568\/","title":{"rendered":"Arte\u00b2 2025 \u201cPerspectivas do Real: Miradas Po\u00e9ticas\u201d"},"content":{"rendered":"<p><span style=\"font-size: 14pt;color: #000000;font-family: georgia, palatino, serif\">A edi\u00e7\u00e3o Arte\u00b2 2025 \u201cPerspectivas do Real: Miradas Po\u00e9ticas\u201d bateu recorde de participa\u00e7\u00e3o, reunindo mais de 100 artistas e obras. Nesta edi\u00e7\u00e3o, al\u00e9m de artistas de v\u00e1rias cidades do Paran\u00e1, est\u00e3o participando artistas dos estados de S\u00e3o Paulo, Rio de Janeiro, Minas Gerais, Mato Grosso, Goi\u00e1s, Bahia e Rio Grande do Sul. A abertura do maior Arte\u00b2, de todas as edi\u00e7\u00f5es, ser\u00e1 no dia 8 de maio com uma performance grupo de dan\u00e7a \u201cVivid\u201d \u00e0s 19h em frente ao Centro de Exposi\u00e7\u00f5es.<\/span><\/p>\n<p><span style=\"font-size: 14pt;color: #000000;font-family: georgia, palatino, serif\">Confira abaixo a lista dos artistas selecionados:<\/span><\/p>\n<table style=\"border-collapse: collapse;width: 100%\">\n<tbody>\n<tr>\n<td style=\"width: 33.3333%\">&nbsp;<\/p>\n<p><span style=\"font-size: 14pt;font-family: georgia, palatino, serif;color: #000000\">Alysson Mazzochin<\/span><\/p>\n<p><span style=\"font-size: 14pt;font-family: georgia, palatino, serif;color: #000000\">Ana Laura Pletsch Caldas<\/span><\/p>\n<p><span style=\"font-size: 14pt;font-family: georgia, palatino, serif;color: #000000\">Andr\u00e9 Justus<\/span><\/p>\n<p><span style=\"font-size: 14pt;font-family: georgia, palatino, serif;color: #000000\">Andr\u00e9 Luiz<\/span><\/p>\n<p><span style=\"font-size: 14pt;font-family: georgia, palatino, serif;color: #000000\">Andr\u00e9 Marchesi<\/span><\/p>\n<p><span style=\"font-size: 14pt;font-family: georgia, palatino, serif;color: #000000\">Andressa Rodrigues<\/span><\/p>\n<p><span style=\"font-size: 14pt;font-family: georgia, palatino, serif;color: #000000\">Angela Camargo<\/span><\/p>\n<p><span style=\"font-size: 14pt;font-family: georgia, palatino, serif;color: #000000\">Artur<\/span><\/p>\n<p><span style=\"font-size: 14pt;font-family: georgia, palatino, serif;color: #000000\">Ayumi<\/span><\/p>\n<p><span style=\"font-size: 14pt;font-family: georgia, palatino, serif;color: #000000\">Bernadete Mariani<\/span><\/p>\n<p><span style=\"font-size: 14pt;font-family: georgia, palatino, serif;color: #000000\">Bethany Villalba<\/span><\/p>\n<p><span style=\"font-size: 14pt;font-family: georgia, palatino, serif;color: #000000\">Betinha<\/span><\/p>\n<p><span style=\"font-size: 14pt;font-family: georgia, palatino, serif;color: #000000\">Campos<\/span><\/p>\n<p><span style=\"font-size: 14pt;font-family: georgia, palatino, serif;color: #000000\">Carolaine<\/span><\/p>\n<p><span style=\"font-size: 14pt;font-family: georgia, palatino, serif;color: #000000\">Cau\u00ea Freitas<\/span><\/p>\n<p><span style=\"font-size: 14pt;font-family: georgia, palatino, serif;color: #000000\">Cinthia Lu<\/span><\/p>\n<p><span style=\"font-size: 14pt;font-family: georgia, palatino, serif;color: #000000\">Cl\u00e1udia Batista<\/span><\/p>\n<p><span style=\"font-size: 14pt;font-family: georgia, palatino, serif;color: #000000\">Eli Zanedim<\/span><\/p>\n<p><span style=\"font-size: 14pt;font-family: georgia, palatino, serif;color: #000000\">Elle Van Leeuven &amp; Lorenzo M. Sonneman<\/span><\/p>\n<p><span style=\"font-size: 14pt;font-family: georgia, palatino, serif;color: #000000\">\u00c9rica Dias Gomes<\/span><\/p>\n<p><span style=\"font-size: 14pt;font-family: georgia, palatino, serif;color: #000000\">Fabio Junior De Lima<\/span><\/p>\n<p><span style=\"font-size: 14pt;font-family: georgia, palatino, serif;color: #000000\">Fanny Deltreggia<\/span><\/p>\n<p><span style=\"font-size: 14pt;font-family: georgia, palatino, serif;color: #000000\">Fernanda Batista<\/span><\/p>\n<p><span style=\"font-size: 14pt;font-family: georgia, palatino, serif;color: #000000\">Filippo Vailati<\/span><\/p>\n<p><span style=\"font-size: 14pt;font-family: georgia, palatino, serif;color: #000000\">Francisco Jacobina<\/span><\/p>\n<p><span style=\"font-size: 14pt;font-family: georgia, palatino, serif;color: #000000\">Gabriel Vieira Marques<\/span><\/p>\n<p><span style=\"font-size: 14pt;font-family: georgia, palatino, serif;color: #000000\">Geovana Pauletti Scheidt<\/span><\/p>\n<p><span style=\"font-size: 14pt;font-family: georgia, palatino, serif;color: #000000\">Gill<\/span><\/p>\n<p><span style=\"font-size: 14pt;font-family: georgia, palatino, serif;color: #000000\">Gita Art<\/span><\/p>\n<p><span style=\"font-size: 14pt;font-family: georgia, palatino, serif;color: #000000\">Gustavo Kruger<\/span><\/p>\n<p><span style=\"font-size: 14pt;font-family: georgia, palatino, serif;color: #000000\">Ingrid Moraes<\/span><\/p>\n<p><span style=\"font-size: 14pt;font-family: georgia, palatino, serif;color: #000000\">Isa Gomes<\/span><\/p>\n<p><span style=\"font-size: 14pt;font-family: georgia, palatino, serif;color: #000000\">Isabela Siqueira Cropiniski<\/span><\/td>\n<td style=\"width: 33.3333%\">&nbsp;<\/p>\n<p><span style=\"font-size: 14pt;font-family: georgia, palatino, serif;color: #000000\">Jean Rafael Deon<\/span><\/p>\n<p><span style=\"font-size: 14pt;font-family: georgia, palatino, serif;color: #000000\">Jianete Neves<\/span><\/p>\n<p><span style=\"font-size: 14pt;font-family: georgia, palatino, serif;color: #000000\">Joana Mognon<\/span><\/p>\n<p><span style=\"font-size: 14pt;font-family: georgia, palatino, serif;color: #000000\">Joilson Didur Dos Santos<\/span><\/p>\n<p><span style=\"font-size: 14pt;font-family: georgia, palatino, serif;color: #000000\">Jonas Franzon<\/span><\/p>\n<p><span style=\"font-size: 14pt;font-family: georgia, palatino, serif;color: #000000\">Julia Comarella<\/span><\/p>\n<p><span style=\"font-size: 14pt;font-family: georgia, palatino, serif;color: #000000\">Ketty<\/span><\/p>\n<p><span style=\"font-size: 14pt;font-family: georgia, palatino, serif;color: #000000\">Let\u00edcia Vit\u00f3ria<\/span><\/p>\n<p><span style=\"font-size: 14pt;font-family: georgia, palatino, serif;color: #000000\">Lindamilla_Artesanatos<\/span><\/p>\n<p><span style=\"font-size: 14pt;font-family: georgia, palatino, serif;color: #000000\">Litti\u00ea Gabrielly<\/span><\/p>\n<p><span style=\"font-size: 14pt;font-family: georgia, palatino, serif;color: #000000\">Luan Hornich<\/span><\/p>\n<p><span style=\"font-family: georgia, palatino, serif;font-size: 14pt;color: #000000\">Lucia Virginia Mamcasz-Viginheski<\/span><\/p>\n<p><span style=\"font-size: 14pt;font-family: georgia, palatino, serif;color: #000000\">Maike Moreira<\/span><\/p>\n<p><span style=\"font-size: 14pt;font-family: georgia, palatino, serif;color: #000000\">Marcia Carazzai<\/span><\/p>\n<p><span style=\"font-size: 14pt;font-family: georgia, palatino, serif;color: #000000\">Marcio Ramos<\/span><\/p>\n<p><span style=\"font-size: 14pt;font-family: georgia, palatino, serif;color: #000000\">Maria Fernanda<\/span><\/p>\n<p><span style=\"font-size: 14pt;font-family: georgia, palatino, serif;color: #000000\">Marina C.R. Calixto<\/span><\/p>\n<p><span style=\"font-size: 14pt;font-family: georgia, palatino, serif;color: #000000\">Marine Zinsly Carboni Linzing<\/span><\/p>\n<p><span style=\"font-size: 14pt;font-family: georgia, palatino, serif;color: #000000\">Mateus Mamcasz-Viginheski<\/span><\/p>\n<p><span style=\"font-size: 14pt;font-family: georgia, palatino, serif;color: #000000\">Meire Poker<\/span><\/p>\n<p><span style=\"font-size: 14pt;font-family: georgia, palatino, serif;color: #000000\">Micheli Lima<\/span><\/p>\n<p><span style=\"font-size: 14pt;font-family: georgia, palatino, serif;color: #000000\">Nabi<\/span><\/p>\n<p><span style=\"font-size: 14pt;font-family: georgia, palatino, serif;color: #000000\">Nair<\/span><\/p>\n<p><span style=\"font-size: 14pt;font-family: georgia, palatino, serif;color: #000000\">NickRabel<\/span><\/p>\n<p><span style=\"font-size: 14pt;font-family: georgia, palatino, serif;color: #000000\">Nicole Gutfreund<\/span><\/p>\n<p><span style=\"font-size: 14pt;font-family: georgia, palatino, serif;color: #000000\">Nincia Cecilia Ribas Borges Teixeira<\/span><\/p>\n<p><span style=\"font-size: 14pt;font-family: georgia, palatino, serif;color: #000000\">Ocabulas<\/span><\/p>\n<p><span style=\"font-size: 14pt;font-family: georgia, palatino, serif;color: #000000\">Olivio Junior<\/span><\/p>\n<p><span style=\"font-size: 14pt;font-family: georgia, palatino, serif;color: #000000\">Pedro Brunini<\/span><\/p>\n<p><span style=\"font-size: 14pt;font-family: georgia, palatino, serif;color: #000000\">Rebeca Malamin Dos Santos<\/span><\/p>\n<p><span style=\"font-size: 14pt;font-family: georgia, palatino, serif;color: #000000\">Riusa Pacheco<\/span><\/p>\n<p><span style=\"font-size: 14pt;font-family: georgia, palatino, serif;color: #000000\">Ruan Sinhorin<\/span><\/p>\n<p><span style=\"font-size: 14pt;font-family: georgia, palatino, serif;color: #000000\">Samuel Souza Dos Santos<\/span><\/td>\n<td style=\"width: 33.3333%\"><span style=\"font-size: 14pt;font-family: georgia, palatino, serif;color: #000000\">Sara Geane Kobelinski<\/span><\/p>\n<p><span style=\"font-size: 14pt;font-family: georgia, palatino, serif;color: #000000\">Sarah Stravato<\/span><\/p>\n<p><span style=\"font-size: 14pt;font-family: georgia, palatino, serif;color: #000000\">Selma Pszdzimirski<\/span><\/p>\n<p><span style=\"font-size: 14pt;font-family: georgia, palatino, serif;color: #000000\">Suzamara Weber<\/span><\/p>\n<p><span style=\"font-size: 14pt;color: #000000\">Taila Falleiros Lemos Schmitt<\/span><\/p>\n<p><span style=\"font-size: 14pt;font-family: georgia, palatino, serif;color: #000000\">Tayroni Da Silva Galv\u00e3o<\/span><\/p>\n<p><span style=\"font-size: 14pt;font-family: georgia, palatino, serif;color: #000000\">Vania Gryczak<\/span><\/p>\n<p><span style=\"font-size: 14pt;font-family: georgia, palatino, serif;color: #000000\">Vini Maurina<\/span><\/p>\n<p><span style=\"font-size: 14pt;font-family: georgia, palatino, serif;color: #000000\">Vin\u00edcius Carboni Linzing<\/span><\/p>\n<p><span style=\"font-size: 14pt;font-family: georgia, palatino, serif;color: #000000\">Yasmin Agostinho<\/span><\/p>\n<p><span style=\"font-size: 14pt;font-family: georgia, palatino, serif;color: #000000\">Yasmin M.M.<\/span><\/p>\n<p><span style=\"font-size: 14pt;font-family: georgia, palatino, serif;color: #000000\">Yohann<\/span><\/p>\n<p><span style=\"font-size: 14pt;font-family: georgia, palatino, serif;color: #000000\">Zack<\/span><\/p>\n<p><span style=\"font-size: 14pt;font-family: georgia, palatino, serif;color: #000000\">Z\u00e9pelim<\/span><\/p>\n<p>&nbsp;<\/p>\n<p><span style=\"font-size: 14pt;font-family: georgia, palatino, serif;color: #000000\">Coletivo Oficina de Desenho e Quadrinhos<\/span><\/p>\n<p><span style=\"font-size: 14pt;font-family: georgia, palatino, serif;color: #000000\">Prof\u00ba Glaucio Rodrigo Karam<\/span><br \/>\n<span style=\"font-size: 14pt;font-family: georgia, palatino, serif;color: #000000\">Alaya Britto Pereira\u00a0<\/span><br \/>\n<span style=\"font-size: 14pt;font-family: georgia, palatino, serif;color: #000000\">Arthur Rafael Ferreira\u00a0<\/span><br \/>\n<span style=\"font-size: 14pt;font-family: georgia, palatino, serif;color: #000000\">Arthur Schneider<\/span><br \/>\n<span style=\"font-size: 14pt;font-family: georgia, palatino, serif;color: #000000\">Benjamin Ferreira Santana\u00a0<\/span><br \/>\n<span style=\"font-size: 14pt;font-family: georgia, palatino, serif;color: #000000\">Brenno Augusto Gritten Ferreira\u00a0<\/span><br \/>\n<span style=\"font-size: 14pt;font-family: georgia, palatino, serif;color: #000000\">Davi Rieckel Fonseca<\/span><br \/>\n<span style=\"font-size: 14pt;font-family: georgia, palatino, serif;color: #000000\">Lav\u00ednia De Lara Anjos\u00a0<\/span><br \/>\n<span style=\"font-size: 14pt;font-family: georgia, palatino, serif;color: #000000\">Luiza Costa Dos Santos\u00a0<\/span><br \/>\n<span style=\"font-size: 14pt;font-family: georgia, palatino, serif;color: #000000\">Manuela Rieckel Fonseca\u00a0<\/span><br \/>\n<span style=\"font-size: 14pt;font-family: georgia, palatino, serif;color: #000000\">Miguel Costa Polisel Bossa<\/span><br \/>\n<span style=\"font-size: 14pt;font-family: georgia, palatino, serif;color: #000000\">Ot\u00e1vio Bello Leutner<\/span><br \/>\n<span style=\"font-size: 14pt;font-family: georgia, palatino, serif;color: #000000\">Sofia Shineider<\/span><br \/>\n<span style=\"font-size: 14pt;font-family: georgia, palatino, serif;color: #000000\">Calebe Almeida De Lima Pawlas<\/span><br \/>\n<span style=\"font-size: 14pt;font-family: georgia, palatino, serif;color: #000000\">Mathias Mila De Freitas<\/span><br \/>\n<span style=\"font-size: 14pt;font-family: georgia, palatino, serif;color: #000000\">Jos\u00e9 Theodoro Portella De Oliveira<\/span><br \/>\n<span style=\"font-size: 14pt;font-family: georgia, palatino, serif;color: #000000\">Giovanni Seratto Gomes\u00a0<\/span><br \/>\n<span style=\"font-size: 14pt;font-family: georgia, palatino, serif;color: #000000\">Lav\u00ednia Ferreira Orbuch<\/span><br \/>\n<span style=\"font-size: 14pt;font-family: georgia, palatino, serif;color: #000000\">Arthur Siqueira\u00a0<\/span><br \/>\n<span style=\"font-size: 14pt;font-family: georgia, palatino, serif;color: #000000\">Yasmin Ribeiro Machado\u00a0<\/span><br \/>\n<span style=\"font-size: 14pt;font-family: georgia, palatino, serif;color: #000000\">Elian Moreira Gon\u00e7alves<\/span><\/td>\n<\/tr>\n<\/tbody>\n<\/table>\n<p>&nbsp;<\/p>\n<p>&nbsp;<\/p>\n<p>&nbsp;<\/p>\n","protected":false},"excerpt":{"rendered":"<p>A edi\u00e7\u00e3o Arte\u00b2 2025 \u201cPerspectivas do Real: Miradas Po\u00e9ticas\u201d bateu recorde de participa\u00e7\u00e3o, reunindo mais de 100 artistas e obras. Nesta edi\u00e7\u00e3o, al\u00e9m de artistas de v\u00e1rias cidades do Paran\u00e1, est\u00e3o participando artistas dos estados de S\u00e3o Paulo, Rio de Janeiro, Minas Gerais, Mato Grosso, Goi\u00e1s, Bahia e Rio Grande do Sul. A abertura do [&hellip;]<\/p>\n","protected":false},"author":633,"featured_media":1584,"comment_status":"open","ping_status":"open","sticky":false,"template":"","format":"standard","meta":{"_exactmetrics_skip_tracking":false,"_exactmetrics_sitenote_active":false,"_exactmetrics_sitenote_note":"","_exactmetrics_sitenote_category":0,"footnotes":"","_links_to":"","_links_to_target":""},"categories":[4,11,7],"tags":[],"class_list":["post-1568","post","type-post","status-publish","format-standard","has-post-thumbnail","hentry","category-agenda-cultural","category-noticias","category-realizadas"],"publishpress_future_action":{"enabled":false,"date":"2026-05-03 23:50:53","action":"change-status","newStatus":"draft","terms":[],"taxonomy":"category","extraData":[]},"publishpress_future_workflow_manual_trigger":{"enabledWorkflows":[]},"_links":{"self":[{"href":"https:\/\/www3.unicentro.br\/dirc\/wp-json\/wp\/v2\/posts\/1568","targetHints":{"allow":["GET"]}}],"collection":[{"href":"https:\/\/www3.unicentro.br\/dirc\/wp-json\/wp\/v2\/posts"}],"about":[{"href":"https:\/\/www3.unicentro.br\/dirc\/wp-json\/wp\/v2\/types\/post"}],"author":[{"embeddable":true,"href":"https:\/\/www3.unicentro.br\/dirc\/wp-json\/wp\/v2\/users\/633"}],"replies":[{"embeddable":true,"href":"https:\/\/www3.unicentro.br\/dirc\/wp-json\/wp\/v2\/comments?post=1568"}],"version-history":[{"count":1,"href":"https:\/\/www3.unicentro.br\/dirc\/wp-json\/wp\/v2\/posts\/1568\/revisions"}],"predecessor-version":[{"id":1592,"href":"https:\/\/www3.unicentro.br\/dirc\/wp-json\/wp\/v2\/posts\/1568\/revisions\/1592"}],"wp:featuredmedia":[{"embeddable":true,"href":"https:\/\/www3.unicentro.br\/dirc\/wp-json\/wp\/v2\/media\/1584"}],"wp:attachment":[{"href":"https:\/\/www3.unicentro.br\/dirc\/wp-json\/wp\/v2\/media?parent=1568"}],"wp:term":[{"taxonomy":"category","embeddable":true,"href":"https:\/\/www3.unicentro.br\/dirc\/wp-json\/wp\/v2\/categories?post=1568"},{"taxonomy":"post_tag","embeddable":true,"href":"https:\/\/www3.unicentro.br\/dirc\/wp-json\/wp\/v2\/tags?post=1568"}],"curies":[{"name":"wp","href":"https:\/\/api.w.org\/{rel}","templated":true}]}}