{"id":1207,"date":"2024-07-12T15:02:29","date_gmt":"2024-07-12T18:02:29","guid":{"rendered":"https:\/\/www3.unicentro.br\/dirc\/?p=1207"},"modified":"2024-09-10T09:41:30","modified_gmt":"2024-09-10T12:41:30","slug":"1207","status":"publish","type":"post","link":"https:\/\/www3.unicentro.br\/dirc\/2024\/07\/12\/1207\/","title":{"rendered":"Encontro da Arte Folcl\u00f3rica 2024"},"content":{"rendered":"<p><span style=\"font-size: 14pt\">O Encontro da Arte Folcl\u00f3rica \u00e9 um evento tradicional realizado pela Diretoria de Cultura da Unicentro que tem como objetivo a preserva\u00e7\u00e3o e valoriza\u00e7\u00e3o das express\u00f5es populares, com apresenta\u00e7\u00f5es art\u00edsticas e exposi\u00e7\u00e3o de artes visuais.\u00a0O evento acontece h\u00e1 37 anos na Unicentro, e todo m\u00eas de agosto celebramos a cultura do nosso povo.<\/span><\/p>\n<p><span style=\"color: #ffffff;font-size: 14pt\">_<\/span><\/p>\n<p><span style=\"font-size: 14pt\">Confira a programa\u00e7\u00e3o:<\/span><\/p>\n<div class=\"wp-block-image\"><img loading=\"lazy\" decoding=\"async\" class=\"wpa-warning wpa-image-missing-alt wp-image-1227 size-large aligncenter\" src=\"https:\/\/www3.unicentro.br\/dirc\/wp-content\/uploads\/sites\/83\/2024\/07\/Folder-dirc_page-0002-1024x725.jpg\" alt=\"\" width=\"900\" height=\"637\" data-warning=\"Missing alt text\" srcset=\"https:\/\/www3.unicentro.br\/dirc\/wp-content\/uploads\/sites\/83\/2024\/07\/Folder-dirc_page-0002-1024x725.jpg 1024w, https:\/\/www3.unicentro.br\/dirc\/wp-content\/uploads\/sites\/83\/2024\/07\/Folder-dirc_page-0002-300x212.jpg 300w, https:\/\/www3.unicentro.br\/dirc\/wp-content\/uploads\/sites\/83\/2024\/07\/Folder-dirc_page-0002-768x543.jpg 768w, https:\/\/www3.unicentro.br\/dirc\/wp-content\/uploads\/sites\/83\/2024\/07\/Folder-dirc_page-0002-1536x1087.jpg 1536w, https:\/\/www3.unicentro.br\/dirc\/wp-content\/uploads\/sites\/83\/2024\/07\/Folder-dirc_page-0002-205x145.jpg 205w, https:\/\/www3.unicentro.br\/dirc\/wp-content\/uploads\/sites\/83\/2024\/07\/Folder-dirc_page-0002-480x340.jpg 480w, https:\/\/www3.unicentro.br\/dirc\/wp-content\/uploads\/sites\/83\/2024\/07\/Folder-dirc_page-0002-255x180.jpg 255w, https:\/\/www3.unicentro.br\/dirc\/wp-content\/uploads\/sites\/83\/2024\/07\/Folder-dirc_page-0002.jpg 1696w\" sizes=\"auto, (max-width: 900px) 100vw, 900px\" \/><\/div>\n","protected":false},"excerpt":{"rendered":"<p>O Encontro da Arte Folcl\u00f3rica \u00e9 um evento tradicional realizado pela Diretoria de Cultura da Unicentro que tem como objetivo a preserva\u00e7\u00e3o e valoriza\u00e7\u00e3o das express\u00f5es populares, com apresenta\u00e7\u00f5es art\u00edsticas e exposi\u00e7\u00e3o de artes visuais.\u00a0O evento acontece h\u00e1 37 anos na Unicentro, e todo m\u00eas de agosto celebramos a cultura do nosso povo. _ Confira [&hellip;]<\/p>\n","protected":false},"author":633,"featured_media":1208,"comment_status":"open","ping_status":"open","sticky":false,"template":"","format":"standard","meta":{"_exactmetrics_skip_tracking":false,"_exactmetrics_sitenote_active":false,"_exactmetrics_sitenote_note":"","_exactmetrics_sitenote_category":0,"footnotes":"","_links_to":"","_links_to_target":""},"categories":[4,11,7],"tags":[],"class_list":["post-1207","post","type-post","status-publish","format-standard","has-post-thumbnail","hentry","category-agenda-cultural","category-noticias","category-realizadas"],"publishpress_future_action":{"enabled":false,"date":"2026-05-03 23:50:53","action":"change-status","newStatus":"draft","terms":[],"taxonomy":"category","extraData":[]},"publishpress_future_workflow_manual_trigger":{"enabledWorkflows":[]},"_links":{"self":[{"href":"https:\/\/www3.unicentro.br\/dirc\/wp-json\/wp\/v2\/posts\/1207","targetHints":{"allow":["GET"]}}],"collection":[{"href":"https:\/\/www3.unicentro.br\/dirc\/wp-json\/wp\/v2\/posts"}],"about":[{"href":"https:\/\/www3.unicentro.br\/dirc\/wp-json\/wp\/v2\/types\/post"}],"author":[{"embeddable":true,"href":"https:\/\/www3.unicentro.br\/dirc\/wp-json\/wp\/v2\/users\/633"}],"replies":[{"embeddable":true,"href":"https:\/\/www3.unicentro.br\/dirc\/wp-json\/wp\/v2\/comments?post=1207"}],"version-history":[{"count":1,"href":"https:\/\/www3.unicentro.br\/dirc\/wp-json\/wp\/v2\/posts\/1207\/revisions"}],"predecessor-version":[{"id":1231,"href":"https:\/\/www3.unicentro.br\/dirc\/wp-json\/wp\/v2\/posts\/1207\/revisions\/1231"}],"wp:featuredmedia":[{"embeddable":true,"href":"https:\/\/www3.unicentro.br\/dirc\/wp-json\/wp\/v2\/media\/1208"}],"wp:attachment":[{"href":"https:\/\/www3.unicentro.br\/dirc\/wp-json\/wp\/v2\/media?parent=1207"}],"wp:term":[{"taxonomy":"category","embeddable":true,"href":"https:\/\/www3.unicentro.br\/dirc\/wp-json\/wp\/v2\/categories?post=1207"},{"taxonomy":"post_tag","embeddable":true,"href":"https:\/\/www3.unicentro.br\/dirc\/wp-json\/wp\/v2\/tags?post=1207"}],"curies":[{"name":"wp","href":"https:\/\/api.w.org\/{rel}","templated":true}]}}