{"id":530,"date":"2026-03-25T16:33:08","date_gmt":"2026-03-25T19:33:08","guid":{"rendered":"https:\/\/www3.unicentro.br\/defil\/?p=530"},"modified":"2026-03-25T16:33:08","modified_gmt":"2026-03-25T19:33:08","slug":"pet-filosofia-promove-minicurso-sobre-politicas-da-guerra-civil","status":"publish","type":"post","link":"https:\/\/www3.unicentro.br\/defil\/2026\/03\/25\/pet-filosofia-promove-minicurso-sobre-politicas-da-guerra-civil\/","title":{"rendered":"PET Filosofia promove minicurso sobre &#8216;Pol\u00edticas da Guerra Civil&#8217;"},"content":{"rendered":"<p>O\u00a0<strong class=\"Yjhzub\" data-sfc-root=\"c\" data-sfc-cb=\"\" data-processed=\"true\"><span data-sfc-root=\"c\" data-wiz-uids=\"fr4Kcc_k\" data-sfc-cb=\"\" data-processed=\"true\">Programa de Educa\u00e7\u00e3o Tutorial (PET) <\/span><\/strong><span data-sfc-root=\"c\" data-wiz-uids=\"fr4Kcc_k\" data-sfc-cb=\"\" data-processed=\"true\"><strong>Filosofia<\/strong> promove n<\/span>a pr\u00f3xima segunda-feira (30) um minicurso sobre &#8216;Pol\u00edticas da Guerra Civil&#8217;. Na oportunidade, o Prof\u00b0. Dr. Willian Bento apresentar\u00e1 suas investiga\u00e7\u00f5es sobre o tema. O in\u00edcio do evento est\u00e1 previsto para \u00e0s 14 horas, na sala 24, no Bloco R, no Campus Santa Cruz da UNICENTRO.<\/p>\n","protected":false},"excerpt":{"rendered":"<p>O\u00a0Programa de Educa\u00e7\u00e3o Tutorial (PET) Filosofia promove na pr\u00f3xima segunda-feira (30) um minicurso sobre &#8216;Pol\u00edticas da Guerra Civil&#8217;. Na oportunidade, o Prof\u00b0. Dr. Willian Bento apresentar\u00e1 suas investiga\u00e7\u00f5es sobre o tema. O in\u00edcio do evento est\u00e1 previsto para \u00e0s 14 horas, na sala 24, no Bloco R, no Campus Santa Cruz da UNICENTRO.<\/p>\n","protected":false},"author":919,"featured_media":531,"comment_status":"open","ping_status":"open","sticky":false,"template":"","format":"standard","meta":{"_exactmetrics_skip_tracking":false,"_exactmetrics_sitenote_active":false,"_exactmetrics_sitenote_note":"","_exactmetrics_sitenote_category":0,"footnotes":"","_links_to":"","_links_to_target":""},"categories":[7],"tags":[26],"class_list":["post-530","post","type-post","status-publish","format-standard","has-post-thumbnail","hentry","category-noticias","tag-destaque"],"_links":{"self":[{"href":"https:\/\/www3.unicentro.br\/defil\/wp-json\/wp\/v2\/posts\/530","targetHints":{"allow":["GET"]}}],"collection":[{"href":"https:\/\/www3.unicentro.br\/defil\/wp-json\/wp\/v2\/posts"}],"about":[{"href":"https:\/\/www3.unicentro.br\/defil\/wp-json\/wp\/v2\/types\/post"}],"author":[{"embeddable":true,"href":"https:\/\/www3.unicentro.br\/defil\/wp-json\/wp\/v2\/users\/919"}],"replies":[{"embeddable":true,"href":"https:\/\/www3.unicentro.br\/defil\/wp-json\/wp\/v2\/comments?post=530"}],"version-history":[{"count":1,"href":"https:\/\/www3.unicentro.br\/defil\/wp-json\/wp\/v2\/posts\/530\/revisions"}],"predecessor-version":[{"id":532,"href":"https:\/\/www3.unicentro.br\/defil\/wp-json\/wp\/v2\/posts\/530\/revisions\/532"}],"wp:featuredmedia":[{"embeddable":true,"href":"https:\/\/www3.unicentro.br\/defil\/wp-json\/wp\/v2\/media\/531"}],"wp:attachment":[{"href":"https:\/\/www3.unicentro.br\/defil\/wp-json\/wp\/v2\/media?parent=530"}],"wp:term":[{"taxonomy":"category","embeddable":true,"href":"https:\/\/www3.unicentro.br\/defil\/wp-json\/wp\/v2\/categories?post=530"},{"taxonomy":"post_tag","embeddable":true,"href":"https:\/\/www3.unicentro.br\/defil\/wp-json\/wp\/v2\/tags?post=530"}],"curies":[{"name":"wp","href":"https:\/\/api.w.org\/{rel}","templated":true}]}}