{"id":318,"date":"2021-03-02T13:04:28","date_gmt":"2021-03-02T16:04:28","guid":{"rendered":"https:\/\/www3.unicentro.br\/defil\/?p=318"},"modified":"2021-03-02T13:53:55","modified_gmt":"2021-03-02T16:53:55","slug":"professor-da-unicentro-organiza-anuario-sobre-a-obra-de-franz-brentano","status":"publish","type":"post","link":"https:\/\/www3.unicentro.br\/defil\/2021\/03\/02\/professor-da-unicentro-organiza-anuario-sobre-a-obra-de-franz-brentano\/","title":{"rendered":"Professor da Unicentro organiza anu\u00e1rio sobre a obra de Franz Brentano"},"content":{"rendered":"<p class=\"western\" align=\"JUSTIFY\"><span style=\"font-size: 14pt\">A dissemina\u00e7\u00e3o de conhecimento por parte dos docentes da Unicentro se d\u00e1 de diversas formas \u2013 desde as aulas ministradas at\u00e9 \u00e0s p\u00e1ginas dos livros. Um exemplo disso \u00e9 a obra \u201cInvestiga\u00e7\u00e3o Ibero-Americana sobre Franz Brentano e sua escola\u201d \u2013 em alem\u00e3o, \u201cBrentano studien \u2013 Ibero-Amerikanische Forschungen zu Brentano und seiner Schule\u201d, organizado pelo professor Evandro Oliveira Brito, do Departamento de Filosofia, em conjunto com o professor Mario Porta, da Pontif\u00edcia Universidade Cat\u00f3lica de S\u00e3o Paulo.<\/span><\/p>\n<p class=\"western\" align=\"JUSTIFY\"><span style=\"font-size: 14pt\">A obra, como explica o professor Evandro, trata da\u00a0Teoria da Intencionalidade, do fil\u00f3sofo e psic\u00f3logo alem\u00e3o Franz Brentano. \u201cUma teoria recuperada na pr\u00f3pria hist\u00f3ria do pensamento ocidental. Essa teoria remete \u00e0 Aristoteles \u2013\u00a0o primeiro a formular uma vers\u00e3o da intencionalidade como rela\u00e7\u00f5es. Depois, tem desenvolvimento no per\u00edodo medieval e grande expoente em Tom\u00e1s de Aquino.\u00a0Mas, Brentano a introduz como uma proposta de solu\u00e7\u00e3o para o desenvolvimento da psicof\u00edsica, de modo que fosse poss\u00edvel formular uma psicologia.\u00a0 O que \u00e9 interessante e, portanto, acaba sendo o tema central desta publica\u00e7\u00e3o s\u00e3o as investiga\u00e7\u00f5es realizadas por pesquisadores do mundo ibero-americano acerca desse modo de trabalho de Franz Brentano e sua aplica\u00e7\u00e3o naquilo que vem a ser chamado Escola de Brentano\u201d, descreve.<\/span><\/p>\n<p class=\"western\" align=\"JUSTIFY\"><span style=\"font-size: 14pt\">Al\u00e9m da tem\u00e1tica principal, acrescenta o professor, o livro ainda traz um desdobramento para aplica\u00e7\u00f5es contempor\u00e2neas. \u201cN\u00f3s temos trabalhos que lidam\u00a0diretamente com a relev\u00e2ncia da Teoria da Intencionalidade para a pr\u00f3pria neuroci\u00eancia e de que modo, ent\u00e3o, a intencionalidade da consci\u00eancia lan\u00e7a luzes para os grandes desafios das ci\u00eancias frente \u00e0s descobertas contempor\u00e2neas da neuroci\u00eancia\u201d., avalia Evandro. A realiza\u00e7\u00e3o e a publica\u00e7\u00e3o da obra s\u00e3o resultados de um trabalho conjunto entre dois grupos de pesquisa \u2013 o Origens da Filosofia Contempor\u00e2nea, da PUC S\u00e3o Paulo, e o \u00c9tica, Pol\u00edtica e Cidadania, da Unicentro. Um marco para a parceria foi o Congresso Internacional Intencionalidade ontem e hoje \u2013 100 anos da morte de Franz Brentano, que foi realizado em 2017, em Guarapuava, na Unicentro,\u00a0e reuniu diversos pesquisadores que se dedicam\u00a0\u00e0 tem\u00e1tica.<\/span><\/p>\n<p class=\"western\" align=\"JUSTIFY\"><span style=\"font-size: 14pt\">\u201cO debate resultante desse evento abriu possibilidades, ent\u00e3o, de se fazer um levantamento sobre a produ\u00e7\u00e3o cient\u00edfica hist\u00f3rica no mundo ibero-americano em rela\u00e7\u00e3o \u00e0s teorias da intencionalidade, de Franz Brentano e sua escola. De l\u00e1 para c\u00e1, de 2017 portanto, iniciou-se um trabalho de investiga\u00e7\u00e3o tanto dos pesquisadores, como de toda a produ\u00e7\u00e3o bibliogr\u00e1fica no mundo ibero-americano\u00a0e um leque de pesquisadores foram convidados a participar da obra para apresentar artigos que destacassem determinados temas.\u00a0Isso n\u00e3o teria acontecido sem o apoio institucional, na articula\u00e7\u00e3o entre os dois grupos de pesquisa, mas principalmente o apoio das institui\u00e7\u00f5es que viabilizaram a realiza\u00e7\u00e3o do evento, a Funda\u00e7\u00e3o Arauc\u00e1ria, em parceria com a Unicentro, mas tamb\u00e9m a Capes, o CNPq, e a pr\u00f3pria Brentano Foundation\u201d, detalha o docente.<\/span><\/p>\n<p class=\"western\" align=\"JUSTIFY\"><span style=\"font-size: 14pt\">O livro j\u00e1 est\u00e1 dispon\u00edvel na\u00a0<a href=\"http:\/\/www.brentanostudien.com\/volume-17-201920.html\"><strong><b>vers\u00e3o online<\/b><\/strong><\/a>\u00a0e, em breve, a vers\u00e3o impressa tamb\u00e9m estar\u00e1 dispon\u00edvel na Alemanha. Para o professor, a concretiza\u00e7\u00e3o da obra abre possibilidades para que todos os pesquisadores que produzem em l\u00edngua portuguesa e l\u00edngua espanhola possam participar mais diretamente das publica\u00e7\u00f5es e debates acerca da tem\u00e1tica. \u201c\u00c9 um marco na internacionaliza\u00e7\u00e3o das universidades envolvidas. S\u00e3o pontes criadas entre v\u00e1rias universidades, os pesquisadores que se envolveram no projeto acabam j\u00e1 se integrando nos grupos de pesquisa, as redes come\u00e7am a se integrar\u201d, avalia.<\/span><\/p>\n<p class=\"western\" align=\"JUSTIFY\"><span style=\"font-size: 14pt\">O professor ainda finaliza destacando que ter participado da elabora\u00e7\u00e3o do livro \u00e9 motivo de satisfa\u00e7\u00e3o.\u00a0\u201cTer um cap\u00edtulo nesse anu\u00e1rio \u00e9, praticamente, consagrar a sua posi\u00e7\u00e3o como um pesquisador de refer\u00eancia mundial. Da mesma forma, \u00e9 um privil\u00e9gio enorme poder contribuir com a organiza\u00e7\u00e3o de tal obra.\u00a0A gente pode dizer, ent\u00e3o, que essa obra \u00e9 uma obra que \u00e9 se insere na hist\u00f3ria do pensamento filos\u00f3fico e \u00e9 uma obra que tem uma proje\u00e7\u00e3o, e essa proje\u00e7\u00e3o projeta, na verdade, os pensadores da l\u00edngua portuguesa e da l\u00edngua espanhola, tanto do continente americano como da pr\u00f3pria europa que participaram,\u00a0ela projeta esses pesquisadores e essas pesquisas n\u00e3o simplesmente em fun\u00e7\u00e3o do que est\u00e1 sendo apresentado aqui, mas de toda uma trajet\u00f3ria de 100 anos\u201d, encerra Evandro.<\/span><\/p>\n<p align=\"JUSTIFY\"><span style=\"font-size: 14pt\">Fonte: <a href=\"https:\/\/www3.unicentro.br\/noticias\/2021\/02\/15\/professor-da-unicentro-organiza-anuario-sobre-a-obra-de-franz-brentano\/\">https:\/\/www3.unicentro.br\/noticias\/2021\/02\/15\/professor-da-unicentro-organiza-anuario-sobre-a-obra-de-franz-brentano\/<\/a><\/span><\/p>\n","protected":false},"excerpt":{"rendered":"<p>A dissemina\u00e7\u00e3o de conhecimento por parte dos docentes da Unicentro se d\u00e1 de diversas formas \u2013 desde as aulas ministradas at\u00e9 \u00e0s p\u00e1ginas dos livros. Um exemplo disso \u00e9 a obra \u201cInvestiga\u00e7\u00e3o Ibero-Americana sobre Franz Brentano e sua escola\u201d \u2013 em alem\u00e3o, \u201cBrentano studien \u2013 Ibero-Amerikanische Forschungen zu Brentano und seiner Schule\u201d, organizado pelo professor [&hellip;]<\/p>\n","protected":false},"author":256,"featured_media":321,"comment_status":"open","ping_status":"open","sticky":false,"template":"","format":"standard","meta":{"_exactmetrics_skip_tracking":false,"_exactmetrics_sitenote_active":false,"_exactmetrics_sitenote_note":"","_exactmetrics_sitenote_category":0,"footnotes":"","_links_to":"","_links_to_target":""},"categories":[7],"tags":[],"class_list":["post-318","post","type-post","status-publish","format-standard","has-post-thumbnail","hentry","category-noticias"],"_links":{"self":[{"href":"https:\/\/www3.unicentro.br\/defil\/wp-json\/wp\/v2\/posts\/318","targetHints":{"allow":["GET"]}}],"collection":[{"href":"https:\/\/www3.unicentro.br\/defil\/wp-json\/wp\/v2\/posts"}],"about":[{"href":"https:\/\/www3.unicentro.br\/defil\/wp-json\/wp\/v2\/types\/post"}],"author":[{"embeddable":true,"href":"https:\/\/www3.unicentro.br\/defil\/wp-json\/wp\/v2\/users\/256"}],"replies":[{"embeddable":true,"href":"https:\/\/www3.unicentro.br\/defil\/wp-json\/wp\/v2\/comments?post=318"}],"version-history":[{"count":0,"href":"https:\/\/www3.unicentro.br\/defil\/wp-json\/wp\/v2\/posts\/318\/revisions"}],"wp:featuredmedia":[{"embeddable":true,"href":"https:\/\/www3.unicentro.br\/defil\/wp-json\/wp\/v2\/media\/321"}],"wp:attachment":[{"href":"https:\/\/www3.unicentro.br\/defil\/wp-json\/wp\/v2\/media?parent=318"}],"wp:term":[{"taxonomy":"category","embeddable":true,"href":"https:\/\/www3.unicentro.br\/defil\/wp-json\/wp\/v2\/categories?post=318"},{"taxonomy":"post_tag","embeddable":true,"href":"https:\/\/www3.unicentro.br\/defil\/wp-json\/wp\/v2\/tags?post=318"}],"curies":[{"name":"wp","href":"https:\/\/api.w.org\/{rel}","templated":true}]}}