{"id":814,"date":"2025-12-04T07:06:33","date_gmt":"2025-12-04T10:06:33","guid":{"rendered":"https:\/\/www3.unicentro.br\/decon\/?p=814"},"modified":"2026-04-15T18:50:44","modified_gmt":"2026-04-15T21:50:44","slug":"pedro-lucas-amadiu-ottoni","status":"publish","type":"post","link":"https:\/\/www3.unicentro.br\/decon\/2025\/12\/04\/pedro-lucas-amadiu-ottoni\/","title":{"rendered":"Pedro Lucas Amadiu Ottoni"},"content":{"rendered":"<div class=\"wpb-content-wrapper\"><p>[vc_row][vc_column][vc_column_text css=&#8221;&#8221;]<\/p>\n<p style=\"text-align: justify\"><span style=\"font-family: tahoma, arial, helvetica, sans-serif;font-size: 14pt\"><strong>T\u00cdTULO:<\/strong> An\u00e1lise da Carga Tribut\u00e1ria sobre Bens e Consumo no Brasil: um comparativo internacional e impactos nas faixas de renda mais baixas<\/span><\/p>\n<p style=\"text-align: justify\"><span style=\"font-family: tahoma, arial, helvetica, sans-serif;font-size: 14pt\"><strong>RESUMO:<\/strong> A discuss\u00e3o acerca da justi\u00e7a fiscal e da efici\u00eancia econ\u00f4mica no Brasil tem ganhado destaque diante das recorrentes cr\u00edticas \u00e0 regressividade tribut\u00e1ria e \u00e0s desigualdades sociais. Nesse cen\u00e1rio, o presente trabalho visa examinar a carga de impostos aplicada sobre bens e consumo no Brasil, enfatizando suas consequ\u00eancias sobre o poder aquisitivo da popula\u00e7\u00e3o e realizando uma compara\u00e7\u00e3o com os sistemas de tributa\u00e7\u00e3o de na\u00e7\u00f5es da Organiza\u00e7\u00e3o para a Coopera\u00e7\u00e3o e Desenvolvimento Econ\u00f4mico (OCDE). A pesquisa \u00e9 fundamentada na premissa de que a configura\u00e7\u00e3o tribut\u00e1ria no Brasil \u00e9 regressiva, com uma \u00eanfase excessiva em impostos indiretos que impactam, de forma desproporcional, as parcelas mais pobres da sociedade. Atrav\u00e9s de an\u00e1lises emp\u00edricas, informa\u00e7\u00f5es oficiais e literatura t\u00e9cnica, o estudo evidencia como esse sistema prejudica a justi\u00e7a fiscal e a efici\u00eancia econ\u00f4mica. Tamb\u00e9m s\u00e3o abordados indicadores como o IRBES e sugest\u00f5es de reforma tribut\u00e1ria que enfatizam uma maior cobran\u00e7a sobre renda e patrim\u00f4nio, visando alinhar o Brasil a pr\u00e1ticas mais justas e efetivas observadas globalmente. Os resultados demonstram que a elevada tributa\u00e7\u00e3o indireta no Brasil compromete de maneira significativa o poder de compra das fam\u00edlias de menor renda, que destinam parcela proporcionalmente maior de sua renda ao pagamento de tributos sobre consumo. A compara\u00e7\u00e3o internacional evidenciou que pa\u00edses da OCDE, ao priorizarem a tributa\u00e7\u00e3o direta sobre renda e patrim\u00f4nio, alcan\u00e7am maior justi\u00e7a fiscal e menor desigualdade. Conclui-se que a estrutura tribut\u00e1ria brasileira necessita de reformas estruturais que reduzam a depend\u00eancia dos tributos regressivos e fortale\u00e7am mecanismos redistributivos, de modo a promover maior equidade social e efici\u00eancia econ\u00f4mica.<\/span><\/p>\n<p style=\"text-align: justify\"><span style=\"font-family: tahoma, arial, helvetica, sans-serif;font-size: 14pt\"><strong>PALAVRAS-CHAVE:<\/strong> Carga Tribut\u00e1ria; Tributa\u00e7\u00e3o sobre o Consumo; Poder de Compra; Justi\u00e7a Tribut\u00e1ria; reforma tribut\u00e1ria.<\/span><\/p>\n<p style=\"text-align: justify\"><span style=\"font-family: tahoma, arial, helvetica, sans-serif;font-size: 14pt\"><strong>ORIENTADOR: <\/strong>Profa. Dra. Jos\u00e9lia Elvira Teixeira<\/span><\/p>\n<p style=\"text-align: justify\"><a href=\"https:\/\/sguweb.unicentro.br\/app\/webroot\/arquivos\/atsubmissao\/Pedro_Lucas_Amadiu_Ottoni.pdf\" target=\"_blank\" rel=\"noopener\"><span style=\"font-family: tahoma, arial, helvetica, sans-serif;font-size: 14pt\"><strong><span style=\"color: #800000\">PDF DA PUBLICA\u00c7\u00c3O<\/span><\/strong><\/span><\/a><\/p>\n<p>[\/vc_column_text][\/vc_column][\/vc_row]<\/p>\n<\/div>","protected":false},"excerpt":{"rendered":"<p>[vc_row][vc_column][vc_column_text css=&#8221;&#8221;] T\u00cdTULO: An\u00e1lise da Carga Tribut\u00e1ria sobre Bens e Consumo no Brasil: um comparativo internacional e impactos nas faixas de renda mais baixas RESUMO: A discuss\u00e3o acerca da justi\u00e7a fiscal e da efici\u00eancia econ\u00f4mica no Brasil tem ganhado destaque diante das recorrentes cr\u00edticas \u00e0 regressividade tribut\u00e1ria e \u00e0s desigualdades sociais. Nesse cen\u00e1rio, o presente [&hellip;]<\/p>\n","protected":false},"author":254,"featured_media":0,"comment_status":"open","ping_status":"open","sticky":false,"template":"","format":"standard","meta":{"_exactmetrics_skip_tracking":false,"_exactmetrics_sitenote_active":false,"_exactmetrics_sitenote_note":"","_exactmetrics_sitenote_category":0,"footnotes":"","_links_to":"","_links_to_target":""},"categories":[1],"tags":[],"class_list":["post-814","post","type-post","status-publish","format-standard","hentry","category-sem-categoria"],"_links":{"self":[{"href":"https:\/\/www3.unicentro.br\/decon\/wp-json\/wp\/v2\/posts\/814","targetHints":{"allow":["GET"]}}],"collection":[{"href":"https:\/\/www3.unicentro.br\/decon\/wp-json\/wp\/v2\/posts"}],"about":[{"href":"https:\/\/www3.unicentro.br\/decon\/wp-json\/wp\/v2\/types\/post"}],"author":[{"embeddable":true,"href":"https:\/\/www3.unicentro.br\/decon\/wp-json\/wp\/v2\/users\/254"}],"replies":[{"embeddable":true,"href":"https:\/\/www3.unicentro.br\/decon\/wp-json\/wp\/v2\/comments?post=814"}],"version-history":[{"count":2,"href":"https:\/\/www3.unicentro.br\/decon\/wp-json\/wp\/v2\/posts\/814\/revisions"}],"predecessor-version":[{"id":881,"href":"https:\/\/www3.unicentro.br\/decon\/wp-json\/wp\/v2\/posts\/814\/revisions\/881"}],"wp:attachment":[{"href":"https:\/\/www3.unicentro.br\/decon\/wp-json\/wp\/v2\/media?parent=814"}],"wp:term":[{"taxonomy":"category","embeddable":true,"href":"https:\/\/www3.unicentro.br\/decon\/wp-json\/wp\/v2\/categories?post=814"},{"taxonomy":"post_tag","embeddable":true,"href":"https:\/\/www3.unicentro.br\/decon\/wp-json\/wp\/v2\/tags?post=814"}],"curies":[{"name":"wp","href":"https:\/\/api.w.org\/{rel}","templated":true}]}}