{"id":812,"date":"2025-12-04T07:05:51","date_gmt":"2025-12-04T10:05:51","guid":{"rendered":"https:\/\/www3.unicentro.br\/decon\/?p=812"},"modified":"2026-04-15T18:49:09","modified_gmt":"2026-04-15T21:49:09","slug":"maria-fernanda-silva-kerniski","status":"publish","type":"post","link":"https:\/\/www3.unicentro.br\/decon\/2025\/12\/04\/maria-fernanda-silva-kerniski\/","title":{"rendered":"Maria Fernanda Silva Kerniski"},"content":{"rendered":"<div class=\"wpb-content-wrapper\"><p>[vc_row][vc_column][vc_column_text css=&#8221;&#8221;]<\/p>\n<p style=\"text-align: justify\"><span style=\"font-family: tahoma, arial, helvetica, sans-serif;font-size: 14pt\"><strong>T\u00cdTULO:<\/strong> Obsolesc\u00eancia Psicol\u00f3gica e a Ind\u00fastria da Moda: desafios ambientais e perspectivas da economia circular<\/span><\/p>\n<p style=\"text-align: justify\"><span style=\"font-family: tahoma, arial, helvetica, sans-serif;font-size: 14pt\"><strong>RESUMO:<\/strong> O presente trabalho visa analisar o papel da obsolesc\u00eancia psicol\u00f3gica no setor t\u00eaxtil sobre o descarte precoce de roupas e os impactos ambientais decorrentes, relacionando essa din\u00e2mica com os princ\u00edpios de consumo consciente e sustentabilidade. A metodologia utilizada foi de car\u00e1ter qualitativo, por meio de pesquisas bibliogr\u00e1ficas em artigos e relat\u00f3rios conceituados. A pesquisa identificou que, por meio da obsolesc\u00eancia psicol\u00f3gica utilizada pela ind\u00fastria t\u00eaxtil como ferramenta, o consumidor busca pertencimento social e satisfa\u00e7\u00e3o emocional por meio da atualiza\u00e7\u00e3o constante do vestu\u00e1rio, refor\u00e7ando um padr\u00e3o de consumo r\u00e1pido, ef\u00eamero e n\u00e3o sustent\u00e1vel. Esse modelo de produ\u00e7\u00e3o, consumo e descarte provoca impactos ambientais significativos, contrariando os princ\u00edpios do desenvolvimento sustent\u00e1vel e gerando toneladas de res\u00edduos t\u00eaxteis. O estudo destaca a import\u00e2ncia de adotar medidas urgentes para superar o modelo de economia linear, propondo a utiliza\u00e7\u00e3o da economia circular, que prolonga o ciclo de vida das roupas, promove um consumo consciente e contribui para um desenvolvimento sustent\u00e1vel, configurando uma abordagem positiva para o sistema econ\u00f4mico.<\/span><\/p>\n<p style=\"text-align: justify\"><span style=\"font-family: tahoma, arial, helvetica, sans-serif;font-size: 14pt\"><strong>PALAVRAS-CHAVE:<\/strong> Ind\u00fastria da Moda; Res\u00edduos T\u00eaxteis; Economia Circular.<\/span><\/p>\n<p style=\"text-align: justify\"><span style=\"font-family: tahoma, arial, helvetica, sans-serif;font-size: 14pt\"><strong>ORIENTADOR: <\/strong>Prof. Dr. Ricardo Andr\u00e9s Cifuentes Silva<\/span><\/p>\n<p style=\"text-align: justify\"><a href=\"https:\/\/sguweb.unicentro.br\/app\/webroot\/arquivos\/atsubmissao\/Maria_Fernanda_Silva_Kerniski.pdf\" target=\"_blank\" rel=\"noopener\"><span style=\"font-family: tahoma, arial, helvetica, sans-serif;font-size: 14pt\"><strong><span style=\"color: #800000\">PDF DA PUBLICA\u00c7\u00c3O<\/span><\/strong><\/span><\/a><\/p>\n<p>[\/vc_column_text][\/vc_column][\/vc_row]<\/p>\n<\/div>","protected":false},"excerpt":{"rendered":"<p>[vc_row][vc_column][vc_column_text css=&#8221;&#8221;] T\u00cdTULO: Obsolesc\u00eancia Psicol\u00f3gica e a Ind\u00fastria da Moda: desafios ambientais e perspectivas da economia circular RESUMO: O presente trabalho visa analisar o papel da obsolesc\u00eancia psicol\u00f3gica no setor t\u00eaxtil sobre o descarte precoce de roupas e os impactos ambientais decorrentes, relacionando essa din\u00e2mica com os princ\u00edpios de consumo consciente e sustentabilidade. A metodologia [&hellip;]<\/p>\n","protected":false},"author":254,"featured_media":0,"comment_status":"open","ping_status":"open","sticky":false,"template":"","format":"standard","meta":{"_exactmetrics_skip_tracking":false,"_exactmetrics_sitenote_active":false,"_exactmetrics_sitenote_note":"","_exactmetrics_sitenote_category":0,"footnotes":"","_links_to":"","_links_to_target":""},"categories":[1],"tags":[],"class_list":["post-812","post","type-post","status-publish","format-standard","hentry","category-sem-categoria"],"_links":{"self":[{"href":"https:\/\/www3.unicentro.br\/decon\/wp-json\/wp\/v2\/posts\/812","targetHints":{"allow":["GET"]}}],"collection":[{"href":"https:\/\/www3.unicentro.br\/decon\/wp-json\/wp\/v2\/posts"}],"about":[{"href":"https:\/\/www3.unicentro.br\/decon\/wp-json\/wp\/v2\/types\/post"}],"author":[{"embeddable":true,"href":"https:\/\/www3.unicentro.br\/decon\/wp-json\/wp\/v2\/users\/254"}],"replies":[{"embeddable":true,"href":"https:\/\/www3.unicentro.br\/decon\/wp-json\/wp\/v2\/comments?post=812"}],"version-history":[{"count":2,"href":"https:\/\/www3.unicentro.br\/decon\/wp-json\/wp\/v2\/posts\/812\/revisions"}],"predecessor-version":[{"id":880,"href":"https:\/\/www3.unicentro.br\/decon\/wp-json\/wp\/v2\/posts\/812\/revisions\/880"}],"wp:attachment":[{"href":"https:\/\/www3.unicentro.br\/decon\/wp-json\/wp\/v2\/media?parent=812"}],"wp:term":[{"taxonomy":"category","embeddable":true,"href":"https:\/\/www3.unicentro.br\/decon\/wp-json\/wp\/v2\/categories?post=812"},{"taxonomy":"post_tag","embeddable":true,"href":"https:\/\/www3.unicentro.br\/decon\/wp-json\/wp\/v2\/tags?post=812"}],"curies":[{"name":"wp","href":"https:\/\/api.w.org\/{rel}","templated":true}]}}