{"id":808,"date":"2025-12-04T07:04:42","date_gmt":"2025-12-04T10:04:42","guid":{"rendered":"https:\/\/www3.unicentro.br\/decon\/?p=808"},"modified":"2026-04-15T18:45:46","modified_gmt":"2026-04-15T21:45:46","slug":"luciana-bastos-tocarski","status":"publish","type":"post","link":"https:\/\/www3.unicentro.br\/decon\/2025\/12\/04\/luciana-bastos-tocarski\/","title":{"rendered":"Luciana Bastos Tocarski"},"content":{"rendered":"<div class=\"wpb-content-wrapper\"><p>[vc_row][vc_column][vc_column_text css=&#8221;&#8221;]<\/p>\n<p style=\"text-align: justify\"><span style=\"font-family: tahoma, arial, helvetica, sans-serif;font-size: 14pt\"><strong>T\u00cdTULO:<\/strong> An\u00e1lise da Especializa\u00e7\u00e3o da Gera\u00e7\u00e3o de Energia El\u00e9trica na Regi\u00e3o Sul do Brasil<\/span><\/p>\n<p style=\"text-align: justify\"><span style=\"font-family: tahoma, arial, helvetica, sans-serif;font-size: 14pt\"><strong>RESUMO:<\/strong> O objetivo do estudo foi identificar a especializa\u00e7\u00e3o na fonte de gera\u00e7\u00e3o de energia el\u00e9trica na Regi\u00e3o Sul do Brasil, sob a \u00f3tica da pot\u00eancia outorgada, com \u00eanfase nas fontes renov\u00e1veis e na identifica\u00e7\u00e3o das particularidades energ\u00e9ticas de cada estado. A pesquisa \u00e9 de natureza aplicada, com abordagem quantitativa, fundamentada na an\u00e1lise regional por meio dos indicadores Quociente Locacional (QL) e Coeficiente de Especializa\u00e7\u00e3o (CE). Foram utilizados dados referentes \u00e0 pot\u00eancia instalada por fonte energ\u00e9tica, permitindo comparar o perfil produtivo dos estados do Paran\u00e1, Santa Catarina e Rio Grande do Sul. Os resultados evidenciaram que a Regi\u00e3o Sul possui uma matriz predominantemente renov\u00e1vel, embora apresente trajet\u00f3rias energ\u00e9ticas distintas. O Paran\u00e1 demonstrou forte especializa\u00e7\u00e3o nas fontes hidrel\u00e9trica e biomassa; Santa Catarina destacou-se pela presen\u00e7a da termel\u00e9trica a carv\u00e3o, sobretudo pelo Complexo Jorge Lacerda, que ainda representa uma relevante participa\u00e7\u00e3o de fonte f\u00f3ssil, e o Rio Grande do Sul apresentou especializa\u00e7\u00e3o crescente nas fontes e\u00f3lica e solar. Conclui-se que, embora o Sul se mantenha como uma das regi\u00f5es renov\u00e1veis do pa\u00eds, o processo de diversifica\u00e7\u00e3o da matriz el\u00e9trica ainda ocorre de forma heterog\u00eanea, refletindo as voca\u00e7\u00f5es territoriais e produtivas de cada estado. O estudo contribui para o debate sobre o planejamento energ\u00e9tico regional e para a formula\u00e7\u00e3o de pol\u00edticas p\u00fablicas voltadas \u00e0 sustentabilidade e ao equil\u00edbrio da matriz el\u00e9trica nacional.\u00a0<\/span><\/p>\n<p style=\"text-align: justify\"><span style=\"font-family: tahoma, arial, helvetica, sans-serif;font-size: 14pt\"><strong>PALAVRAS-CHAVE:<\/strong> Fontes Renov\u00e1veis; Energia El\u00e9trica; Especializa\u00e7\u00e3o Regional.<\/span><\/p>\n<p style=\"text-align: justify\"><span style=\"font-family: tahoma, arial, helvetica, sans-serif;font-size: 14pt\"><strong>ORIENTADOR: <\/strong>Prof. Dr. Amarildo Hersen<\/span><\/p>\n<p style=\"text-align: justify\"><a href=\"https:\/\/sguweb.unicentro.br\/app\/webroot\/arquivos\/atsubmissao\/LUCIANA_BASTOS_TOCARSKI.pdf\" target=\"_blank\" rel=\"noopener\"><span style=\"font-family: tahoma, arial, helvetica, sans-serif;font-size: 14pt\"><strong><span style=\"color: #800000\">PDF DA PUBLICA\u00c7\u00c3O<\/span><\/strong><\/span><\/a><\/p>\n<p>[\/vc_column_text][\/vc_column][\/vc_row]<\/p>\n<\/div>","protected":false},"excerpt":{"rendered":"<p>[vc_row][vc_column][vc_column_text css=&#8221;&#8221;] T\u00cdTULO: An\u00e1lise da Especializa\u00e7\u00e3o da Gera\u00e7\u00e3o de Energia El\u00e9trica na Regi\u00e3o Sul do Brasil RESUMO: O objetivo do estudo foi identificar a especializa\u00e7\u00e3o na fonte de gera\u00e7\u00e3o de energia el\u00e9trica na Regi\u00e3o Sul do Brasil, sob a \u00f3tica da pot\u00eancia outorgada, com \u00eanfase nas fontes renov\u00e1veis e na identifica\u00e7\u00e3o das particularidades energ\u00e9ticas de [&hellip;]<\/p>\n","protected":false},"author":254,"featured_media":0,"comment_status":"open","ping_status":"open","sticky":false,"template":"","format":"standard","meta":{"_exactmetrics_skip_tracking":false,"_exactmetrics_sitenote_active":false,"_exactmetrics_sitenote_note":"","_exactmetrics_sitenote_category":0,"footnotes":"","_links_to":"","_links_to_target":""},"categories":[1],"tags":[],"class_list":["post-808","post","type-post","status-publish","format-standard","hentry","category-sem-categoria"],"_links":{"self":[{"href":"https:\/\/www3.unicentro.br\/decon\/wp-json\/wp\/v2\/posts\/808","targetHints":{"allow":["GET"]}}],"collection":[{"href":"https:\/\/www3.unicentro.br\/decon\/wp-json\/wp\/v2\/posts"}],"about":[{"href":"https:\/\/www3.unicentro.br\/decon\/wp-json\/wp\/v2\/types\/post"}],"author":[{"embeddable":true,"href":"https:\/\/www3.unicentro.br\/decon\/wp-json\/wp\/v2\/users\/254"}],"replies":[{"embeddable":true,"href":"https:\/\/www3.unicentro.br\/decon\/wp-json\/wp\/v2\/comments?post=808"}],"version-history":[{"count":2,"href":"https:\/\/www3.unicentro.br\/decon\/wp-json\/wp\/v2\/posts\/808\/revisions"}],"predecessor-version":[{"id":878,"href":"https:\/\/www3.unicentro.br\/decon\/wp-json\/wp\/v2\/posts\/808\/revisions\/878"}],"wp:attachment":[{"href":"https:\/\/www3.unicentro.br\/decon\/wp-json\/wp\/v2\/media?parent=808"}],"wp:term":[{"taxonomy":"category","embeddable":true,"href":"https:\/\/www3.unicentro.br\/decon\/wp-json\/wp\/v2\/categories?post=808"},{"taxonomy":"post_tag","embeddable":true,"href":"https:\/\/www3.unicentro.br\/decon\/wp-json\/wp\/v2\/tags?post=808"}],"curies":[{"name":"wp","href":"https:\/\/api.w.org\/{rel}","templated":true}]}}