{"id":805,"date":"2025-12-04T07:03:12","date_gmt":"2025-12-04T10:03:12","guid":{"rendered":"https:\/\/www3.unicentro.br\/decon\/?p=805"},"modified":"2026-04-15T18:44:23","modified_gmt":"2026-04-15T21:44:23","slug":"joao-emanuel-dias-dos-santos","status":"publish","type":"post","link":"https:\/\/www3.unicentro.br\/decon\/2025\/12\/04\/joao-emanuel-dias-dos-santos\/","title":{"rendered":"Jo\u00e3o Emanuel Dias dos Santos"},"content":{"rendered":"<div class=\"wpb-content-wrapper\"><p>[vc_row][vc_column][vc_column_text css=&#8221;&#8221;]<\/p>\n<p style=\"text-align: justify\"><span style=\"font-family: tahoma, arial, helvetica, sans-serif;font-size: 14pt\"><strong>T\u00cdTULO:<\/strong> Utiliza\u00e7\u00e3o de Energia E\u00f3lica no Brasil: uma an\u00e1lise comparativa para as macrorregi\u00f5es<\/span><\/p>\n<p style=\"text-align: justify\"><span style=\"font-family: tahoma, arial, helvetica, sans-serif;font-size: 14pt\"><strong>RESUMO:<\/strong> O presente estudo tem como objetivo analisar a utiliza\u00e7\u00e3o da energia e\u00f3lica no Brasil, com enfoque nas macrorregi\u00f5es, destacando os fatores que impulsionam sua expans\u00e3o. A problem\u00e1tica da pesquisa indaga: como a fonte de energia e\u00f3lica tem sido aproveitada nas macrorregi\u00f5es do Brasil nas duas primeiras d\u00e9cadas do s\u00e9culo XXI? E, quais foram as principais a\u00e7\u00f5es p\u00fablicas que contribu\u00edram para o desenvolvimento do setor? A hip\u00f3tese \u00e9 que a utiliza\u00e7\u00e3o de energia e\u00f3lica nas regi\u00f5es brasileiras cresceu de forma heterog\u00eanea, pois levou em conta a disponibilidade de recursos naturais, neste caso, o vento. Ao mesmo tempo, ocorreram incentivos p\u00fablicos que impulsionaram a produ\u00e7\u00e3o desta fonte de energia renov\u00e1vel no per\u00edodo estudado. A pesquisa caracteriza-se como descritiva e quantitativa, fundamentada em dados secund\u00e1rios disponibilizados por \u00f3rg\u00e3os oficiais como o Minist\u00e9rio de Minas e Energia (MME), a Ag\u00eancia Nacional de Energia El\u00e9trica (ANEEL) e a Associa\u00e7\u00e3o Brasileira de Energia E\u00f3lica (ABEE\u00d3LICA). A an\u00e1lise abrange o per\u00edodo de 2004, 2014 e 2024, contemplando as vari\u00e1veis de gera\u00e7\u00e3o, capacidade instalada e n\u00famero de usinas. Os resultados revelaram um crescimento expressivo do setor e\u00f3lico brasileiro, especialmente na regi\u00e3o Nordeste, respons\u00e1vel por mais de 90% da produ\u00e7\u00e3o nacional. Esse avan\u00e7o est\u00e1 associado \u00e0 combina\u00e7\u00e3o de condi\u00e7\u00f5es naturais favor\u00e1veis, pol\u00edticas p\u00fablicas regionais de incentivo e a moderniza\u00e7\u00e3o tecnol\u00f3gica. Constatou-se ainda que a energia e\u00f3lica contribui para a diversifica\u00e7\u00e3o da matriz energ\u00e9tica brasileira.<\/span><\/p>\n<p style=\"text-align: justify\"><span style=\"font-family: tahoma, arial, helvetica, sans-serif;font-size: 14pt\"><strong>PALAVRAS-CHAVE:<\/strong> Energia E\u00f3lica; Desenvolvimento Regional; Sustentabilidade.<\/span><\/p>\n<p style=\"text-align: justify\"><span style=\"font-family: tahoma, arial, helvetica, sans-serif;font-size: 14pt\"><strong>ORIENTADOR: <\/strong>Prof. Dr. M\u00e1rcio Marconato<\/span><\/p>\n<p style=\"text-align: justify\"><a href=\"https:\/\/sguweb.unicentro.br\/app\/webroot\/arquivos\/atsubmissao\/Jo_o_Emanuel_Dias_dos_Santos-1.pdf\" target=\"_blank\" rel=\"noopener\"><span style=\"font-family: tahoma, arial, helvetica, sans-serif;font-size: 14pt\"><strong><span style=\"color: #800000\">PDF DA PUBLICA\u00c7\u00c3O<\/span><\/strong><\/span><\/a><\/p>\n<p>[\/vc_column_text][\/vc_column][\/vc_row]<\/p>\n<\/div>","protected":false},"excerpt":{"rendered":"<p>[vc_row][vc_column][vc_column_text css=&#8221;&#8221;] T\u00cdTULO: Utiliza\u00e7\u00e3o de Energia E\u00f3lica no Brasil: uma an\u00e1lise comparativa para as macrorregi\u00f5es RESUMO: O presente estudo tem como objetivo analisar a utiliza\u00e7\u00e3o da energia e\u00f3lica no Brasil, com enfoque nas macrorregi\u00f5es, destacando os fatores que impulsionam sua expans\u00e3o. A problem\u00e1tica da pesquisa indaga: como a fonte de energia e\u00f3lica tem sido aproveitada [&hellip;]<\/p>\n","protected":false},"author":254,"featured_media":0,"comment_status":"open","ping_status":"open","sticky":false,"template":"","format":"standard","meta":{"_exactmetrics_skip_tracking":false,"_exactmetrics_sitenote_active":false,"_exactmetrics_sitenote_note":"","_exactmetrics_sitenote_category":0,"footnotes":"","_links_to":"","_links_to_target":""},"categories":[1],"tags":[],"class_list":["post-805","post","type-post","status-publish","format-standard","hentry","category-sem-categoria"],"_links":{"self":[{"href":"https:\/\/www3.unicentro.br\/decon\/wp-json\/wp\/v2\/posts\/805","targetHints":{"allow":["GET"]}}],"collection":[{"href":"https:\/\/www3.unicentro.br\/decon\/wp-json\/wp\/v2\/posts"}],"about":[{"href":"https:\/\/www3.unicentro.br\/decon\/wp-json\/wp\/v2\/types\/post"}],"author":[{"embeddable":true,"href":"https:\/\/www3.unicentro.br\/decon\/wp-json\/wp\/v2\/users\/254"}],"replies":[{"embeddable":true,"href":"https:\/\/www3.unicentro.br\/decon\/wp-json\/wp\/v2\/comments?post=805"}],"version-history":[{"count":2,"href":"https:\/\/www3.unicentro.br\/decon\/wp-json\/wp\/v2\/posts\/805\/revisions"}],"predecessor-version":[{"id":877,"href":"https:\/\/www3.unicentro.br\/decon\/wp-json\/wp\/v2\/posts\/805\/revisions\/877"}],"wp:attachment":[{"href":"https:\/\/www3.unicentro.br\/decon\/wp-json\/wp\/v2\/media?parent=805"}],"wp:term":[{"taxonomy":"category","embeddable":true,"href":"https:\/\/www3.unicentro.br\/decon\/wp-json\/wp\/v2\/categories?post=805"},{"taxonomy":"post_tag","embeddable":true,"href":"https:\/\/www3.unicentro.br\/decon\/wp-json\/wp\/v2\/tags?post=805"}],"curies":[{"name":"wp","href":"https:\/\/api.w.org\/{rel}","templated":true}]}}