{"id":797,"date":"2025-12-04T06:58:03","date_gmt":"2025-12-04T09:58:03","guid":{"rendered":"https:\/\/www3.unicentro.br\/decon\/?p=797"},"modified":"2026-04-15T18:23:07","modified_gmt":"2026-04-15T21:23:07","slug":"aurelio-rafael-dias-nunes","status":"publish","type":"post","link":"https:\/\/www3.unicentro.br\/decon\/2025\/12\/04\/aurelio-rafael-dias-nunes\/","title":{"rendered":"Aur\u00e9lio Rafael Dias Nunes"},"content":{"rendered":"<div class=\"wpb-content-wrapper\"><p>[vc_row][vc_column][vc_column_text css=&#8221;&#8221;]<\/p>\n<p style=\"text-align: justify\"><span style=\"font-family: tahoma, arial, helvetica, sans-serif;font-size: 14pt\"><strong>T\u00cdTULO:<\/strong> Agricultura e Desenvolvimento Econ\u00f4mico: contribui\u00e7\u00f5es para a economia paranaense<\/span><\/p>\n<p style=\"text-align: justify\"><span style=\"font-family: tahoma, arial, helvetica, sans-serif;font-size: 14pt\"><strong>RESUMO:<\/strong> O presente trabalho tem como objetivo analisar o papel da agricultura no desenvolvimento econ\u00f4mico do estado do Paran\u00e1 nas duas primeiras d\u00e9cadas do s\u00e9culo XXI. Partindo da hip\u00f3tese de que o crescimento da produ\u00e7\u00e3o tamb\u00e9m se refletiu na gera\u00e7\u00e3o de empregos e na eleva\u00e7\u00e3o da renda, analisou-se a evolu\u00e7\u00e3o da produ\u00e7\u00e3o agr\u00edcola e seu impacto no PIB das regi\u00f5es e dados relacionados a emprego e renda na agricultura. Para metodologia utilizou se pesquisa de natureza descritiva e explorat\u00f3ria em rala\u00e7\u00e3o aos dados, buscou se dados de fontes secundarias como IBGE. Os resultados indicam que as commodities agr\u00edcolas especialmente soja, milho e trigo contribu\u00edram significativamente para o fortalecimento do setor prim\u00e1rio e para o aumento do PIB regional, embora os avan\u00e7os econ\u00f4micos n\u00e3o tenham sido acompanhados, na mesma propor\u00e7\u00e3o, por melhorias sociais. Conclui-se que o agroneg\u00f3cio se consolidou como vetor essencial do crescimento econ\u00f4mico paranaense, mas sua expans\u00e3o de forma desigual o que indica que para um desenvolvimento econ\u00f4mico \u00e9 necess\u00e1rio outros fatores.\u00a0<\/span><\/p>\n<p style=\"text-align: justify\"><span style=\"font-family: tahoma, arial, helvetica, sans-serif;font-size: 14pt\"><strong>PALAVRAS-CHAVE:<\/strong> Desenvolvimento Econ\u00f4mico; Agricultura; Commodities.<\/span><\/p>\n<p style=\"text-align: justify\"><span style=\"font-family: tahoma, arial, helvetica, sans-serif;font-size: 14pt\"><strong>ORIENTADOR: <\/strong>Prof. Dr. M\u00e1rcio Marconato<\/span><\/p>\n<p style=\"text-align: justify\"><a href=\"https:\/\/sguweb.unicentro.br\/app\/webroot\/arquivos\/atsubmissao\/Aurelio_Rafael_Dias_Nunes-1.pdf\" target=\"_blank\" rel=\"noopener\"><span style=\"font-family: tahoma, arial, helvetica, sans-serif;font-size: 14pt\"><strong><span style=\"color: #800000\">PDF DA PUBLICA\u00c7\u00c3O<\/span><\/strong><\/span><\/a><\/p>\n<p>[\/vc_column_text][\/vc_column][\/vc_row]<\/p>\n<\/div>","protected":false},"excerpt":{"rendered":"<p>[vc_row][vc_column][vc_column_text css=&#8221;&#8221;] T\u00cdTULO: Agricultura e Desenvolvimento Econ\u00f4mico: contribui\u00e7\u00f5es para a economia paranaense RESUMO: O presente trabalho tem como objetivo analisar o papel da agricultura no desenvolvimento econ\u00f4mico do estado do Paran\u00e1 nas duas primeiras d\u00e9cadas do s\u00e9culo XXI. Partindo da hip\u00f3tese de que o crescimento da produ\u00e7\u00e3o tamb\u00e9m se refletiu na gera\u00e7\u00e3o de empregos e [&hellip;]<\/p>\n","protected":false},"author":254,"featured_media":0,"comment_status":"open","ping_status":"open","sticky":false,"template":"","format":"standard","meta":{"_exactmetrics_skip_tracking":false,"_exactmetrics_sitenote_active":false,"_exactmetrics_sitenote_note":"","_exactmetrics_sitenote_category":0,"footnotes":"","_links_to":"","_links_to_target":""},"categories":[1],"tags":[],"class_list":["post-797","post","type-post","status-publish","format-standard","hentry","category-sem-categoria"],"_links":{"self":[{"href":"https:\/\/www3.unicentro.br\/decon\/wp-json\/wp\/v2\/posts\/797","targetHints":{"allow":["GET"]}}],"collection":[{"href":"https:\/\/www3.unicentro.br\/decon\/wp-json\/wp\/v2\/posts"}],"about":[{"href":"https:\/\/www3.unicentro.br\/decon\/wp-json\/wp\/v2\/types\/post"}],"author":[{"embeddable":true,"href":"https:\/\/www3.unicentro.br\/decon\/wp-json\/wp\/v2\/users\/254"}],"replies":[{"embeddable":true,"href":"https:\/\/www3.unicentro.br\/decon\/wp-json\/wp\/v2\/comments?post=797"}],"version-history":[{"count":2,"href":"https:\/\/www3.unicentro.br\/decon\/wp-json\/wp\/v2\/posts\/797\/revisions"}],"predecessor-version":[{"id":873,"href":"https:\/\/www3.unicentro.br\/decon\/wp-json\/wp\/v2\/posts\/797\/revisions\/873"}],"wp:attachment":[{"href":"https:\/\/www3.unicentro.br\/decon\/wp-json\/wp\/v2\/media?parent=797"}],"wp:term":[{"taxonomy":"category","embeddable":true,"href":"https:\/\/www3.unicentro.br\/decon\/wp-json\/wp\/v2\/categories?post=797"},{"taxonomy":"post_tag","embeddable":true,"href":"https:\/\/www3.unicentro.br\/decon\/wp-json\/wp\/v2\/tags?post=797"}],"curies":[{"name":"wp","href":"https:\/\/api.w.org\/{rel}","templated":true}]}}