{"id":795,"date":"2025-12-04T06:57:13","date_gmt":"2025-12-04T09:57:13","guid":{"rendered":"https:\/\/www3.unicentro.br\/decon\/?p=795"},"modified":"2026-04-15T18:21:54","modified_gmt":"2026-04-15T21:21:54","slug":"ana-lourena-dos-santos-ribas","status":"publish","type":"post","link":"https:\/\/www3.unicentro.br\/decon\/2025\/12\/04\/ana-lourena-dos-santos-ribas\/","title":{"rendered":"Ana Lourena dos Santos Ribas"},"content":{"rendered":"<div class=\"wpb-content-wrapper\"><p>[vc_row][vc_column][vc_column_text css=&#8221;&#8221;]<\/p>\n<p style=\"text-align: justify\"><span style=\"font-family: tahoma, arial, helvetica, sans-serif;font-size: 14pt\"><strong>T\u00cdTULO:<\/strong> Desigualdade de G\u00eanero e Migra\u00e7\u00e3o Feminina no Campo: desafios e estrat\u00e9gias de resist\u00eancia na agricultura familiar<\/span><\/p>\n<p style=\"text-align: justify\"><span style=\"font-family: tahoma, arial, helvetica, sans-serif;font-size: 14pt\"><strong>RESUMO:<\/strong> A presente pesquisa tem como objeto investigar a rela\u00e7\u00e3o entre a desigualdade de g\u00eanero, desvaloriza\u00e7\u00e3o e invisibilidade do trabalho feminino na agricultura familiar e sua influ\u00eancia sobre a emigra\u00e7\u00e3o das mulheres em busca de autonomia e melhores oportunidades. Questiona-se: a desigualdade de g\u00eanero na agricultura familiar influencia a emigra\u00e7\u00e3o feminina em busca de autonomia, reconhecimento do trabalho e melhores oportunidades? E, quais estrat\u00e9gias de empoderamento e resist\u00eancia as mulheres adotam para enfrentar os desafios associados \u00e0 emigra\u00e7\u00e3o rural? Pressup\u00f5e como hip\u00f3tese, que mulheres agricultoras, em cen\u00e1rios de desvaloriza\u00e7\u00e3o, invisibilidade de seu trabalho e disparidades de g\u00eanero na agricultura familiar, s\u00e3o mais propensas a emigra\u00e7\u00e3o como estrat\u00e9gia para alcan\u00e7ar independ\u00eancia, reconhecimento e melhores oportunidades. Metodologicamente adota uma abordagem qualitativa, de natureza explorat\u00f3ria e descritiva, utilizando a metodologia de Hist\u00f3ria Oral de Vida e An\u00e1lise do Discurso (AD) para analisar as trajet\u00f3rias de tr\u00eas mulheres rurais dos munic\u00edpios de Goioxim, Guarapuava e Foz do Jord\u00e3o, no Paran\u00e1. Os resultados permitem observar nas narrativas das entrevistadas a persist\u00eancia da invisibilidade do trabalho feminino no campo, sendo classificado como &#8220;ajuda&#8221; e exclu\u00eddo da esfera decis\u00f3ria e financeira. A emigra\u00e7\u00e3o, o retorno ao campo com maior autonomia administrativa, ou a busca por rendas n\u00e3o agr\u00edcolas nos espa\u00e7os urbanos, emergem como estrat\u00e9gias de resist\u00eancia contra a desvaloriza\u00e7\u00e3o. Conclui-se que a perman\u00eancia feminina no campo \u00e9 um ato pol\u00edtico de &#8220;reexist\u00eancia&#8221;, constru\u00eddo atrav\u00e9s de redes de apoio e da busca cont\u00ednua por reconhecimento, autonomia e justi\u00e7a social, reconfigurando o sentido do trabalho e da vida rural.<\/span><\/p>\n<p style=\"text-align: justify\"><span style=\"font-family: tahoma, arial, helvetica, sans-serif;font-size: 14pt\"><strong>PALAVRAS-CHAVE:<\/strong> Desigualdade de G\u00eanero; Migra\u00e7\u00e3o Feminina; Agricultura Familiar.<\/span><\/p>\n<p style=\"text-align: justify\"><span style=\"font-family: tahoma, arial, helvetica, sans-serif;font-size: 14pt\"><strong>ORIENTADOR: <\/strong>Prof. Dr. Sim\u00e3o Ternoski<\/span><\/p>\n<p style=\"text-align: justify\"><a href=\"https:\/\/sguweb.unicentro.br\/app\/webroot\/arquivos\/atsubmissao\/ANA_LOURENA_DOS_SANTOS_RIBAS-1.pdf\" target=\"_blank\" rel=\"noopener\"><span style=\"font-family: tahoma, arial, helvetica, sans-serif;font-size: 14pt\"><strong><span style=\"color: #800000\">PDF DA PUBLICA\u00c7\u00c3O<\/span><\/strong><\/span><\/a><\/p>\n<p>[\/vc_column_text][\/vc_column][\/vc_row]<\/p>\n<\/div>","protected":false},"excerpt":{"rendered":"<p>[vc_row][vc_column][vc_column_text css=&#8221;&#8221;] T\u00cdTULO: Desigualdade de G\u00eanero e Migra\u00e7\u00e3o Feminina no Campo: desafios e estrat\u00e9gias de resist\u00eancia na agricultura familiar RESUMO: A presente pesquisa tem como objeto investigar a rela\u00e7\u00e3o entre a desigualdade de g\u00eanero, desvaloriza\u00e7\u00e3o e invisibilidade do trabalho feminino na agricultura familiar e sua influ\u00eancia sobre a emigra\u00e7\u00e3o das mulheres em busca de autonomia [&hellip;]<\/p>\n","protected":false},"author":254,"featured_media":0,"comment_status":"open","ping_status":"open","sticky":false,"template":"","format":"standard","meta":{"_exactmetrics_skip_tracking":false,"_exactmetrics_sitenote_active":false,"_exactmetrics_sitenote_note":"","_exactmetrics_sitenote_category":0,"footnotes":"","_links_to":"","_links_to_target":""},"categories":[1],"tags":[],"class_list":["post-795","post","type-post","status-publish","format-standard","hentry","category-sem-categoria"],"_links":{"self":[{"href":"https:\/\/www3.unicentro.br\/decon\/wp-json\/wp\/v2\/posts\/795","targetHints":{"allow":["GET"]}}],"collection":[{"href":"https:\/\/www3.unicentro.br\/decon\/wp-json\/wp\/v2\/posts"}],"about":[{"href":"https:\/\/www3.unicentro.br\/decon\/wp-json\/wp\/v2\/types\/post"}],"author":[{"embeddable":true,"href":"https:\/\/www3.unicentro.br\/decon\/wp-json\/wp\/v2\/users\/254"}],"replies":[{"embeddable":true,"href":"https:\/\/www3.unicentro.br\/decon\/wp-json\/wp\/v2\/comments?post=795"}],"version-history":[{"count":2,"href":"https:\/\/www3.unicentro.br\/decon\/wp-json\/wp\/v2\/posts\/795\/revisions"}],"predecessor-version":[{"id":872,"href":"https:\/\/www3.unicentro.br\/decon\/wp-json\/wp\/v2\/posts\/795\/revisions\/872"}],"wp:attachment":[{"href":"https:\/\/www3.unicentro.br\/decon\/wp-json\/wp\/v2\/media?parent=795"}],"wp:term":[{"taxonomy":"category","embeddable":true,"href":"https:\/\/www3.unicentro.br\/decon\/wp-json\/wp\/v2\/categories?post=795"},{"taxonomy":"post_tag","embeddable":true,"href":"https:\/\/www3.unicentro.br\/decon\/wp-json\/wp\/v2\/tags?post=795"}],"curies":[{"name":"wp","href":"https:\/\/api.w.org\/{rel}","templated":true}]}}