{"id":793,"date":"2025-12-04T06:56:02","date_gmt":"2025-12-04T09:56:02","guid":{"rendered":"https:\/\/www3.unicentro.br\/decon\/?p=793"},"modified":"2026-04-15T18:19:45","modified_gmt":"2026-04-15T21:19:45","slug":"aldo-przybysz","status":"publish","type":"post","link":"https:\/\/www3.unicentro.br\/decon\/2025\/12\/04\/aldo-przybysz\/","title":{"rendered":"Aldo Przybysz"},"content":{"rendered":"<div class=\"wpb-content-wrapper\"><p>[vc_row][vc_column][vc_column_text css=&#8221;&#8221;]<\/p>\n<p style=\"text-align: justify\"><span style=\"font-family: tahoma, arial, helvetica, sans-serif;font-size: 14pt\"><strong>T\u00cdTULO:<\/strong> A Concentra\u00e7\u00e3o da Gera\u00e7\u00e3o de Energia El\u00e9trica no Estado do Paran\u00e1: uma an\u00e1lise regional com \u00eanfase em fontes renov\u00e1veis<\/span><\/p>\n<p style=\"text-align: justify\"><span style=\"font-family: tahoma, arial, helvetica, sans-serif;font-size: 14pt\"><strong>RESUMO:<\/strong> A necessidade de gradativamente substituir as unidades de gera\u00e7\u00e3o de energia el\u00e9trica baseadas em combust\u00edveis f\u00f3sseis por fontes renov\u00e1veis decorre, sobretudo, dos impactos ambientais associados ao modelo tradicional. O Paran\u00e1 \u00e9 o principal estado a responder positivamente na rela\u00e7\u00e3o Gera\u00e7\u00e3o Centralizada (GC) em gera\u00e7\u00e3o de energia el\u00e9trica atrav\u00e9s de fontes renov\u00e1veis. Sendo parte dessa gera\u00e7\u00e3o realizada atrav\u00e9s das fontes h\u00eddrica, solar e biomassa. Diante do cen\u00e1rio descrito, o presente trabalho tem por objetivo identificar o n\u00edvel de concentra\u00e7\u00e3o, por origem (fonte), da gera\u00e7\u00e3o de energia el\u00e9trica centralizada no estado do Paran\u00e1. Para tanto, a metodologia da pesquisa utiliza, s\u00e3o os indicadores como Coeficiente de Localiza\u00e7\u00e3o (CL) e \u00cdndice de Hirschman-Herfindahl (IHH). Os resultados evidenciam que o Paran\u00e1 apresenta uma matriz energ\u00e9tica predominantemente renov\u00e1vel (89%), com destaque para a fonte hidr\u00e1ulica, seguida pela biomassa e, em menor escala, solar. As Regi\u00f5es Geogr\u00e1ficas Intermedi\u00e1rias de Cascavel e Guarapuava se destacam pela elevada capacidade instalada em usinas hidrel\u00e9tricas, enquanto Maring\u00e1 e Londrina concentram-se na gera\u00e7\u00e3o a partir da biomassa da agroind\u00fastria canavieira. A regi\u00e3o de Ponta Grossa mostra forte presen\u00e7a da biomassa florestal, relacionada ao setor de papel e celulose, e na Regi\u00e3o de Curitiba existe a concentra\u00e7\u00e3o de fontes h\u00eddricas e f\u00f3ssil. Conclui-se que fontes h\u00eddrica e e\u00f3lica apresentaram baixo grau de concentra\u00e7\u00e3o, refletindo maior dispers\u00e3o territorial, a solar tem concentra\u00e7\u00e3o intermedi\u00e1ria, e as fontes f\u00f3ssil e biomassa apresentam elevados n\u00edveis de concentra\u00e7\u00e3o.<\/span><\/p>\n<p style=\"text-align: justify\"><span style=\"font-family: tahoma, arial, helvetica, sans-serif;font-size: 14pt\"><strong>PALAVRAS-CHAVE:<\/strong> Economia Regional; Recursos Renov\u00e1veis; Energia El\u00e9trica.<\/span><\/p>\n<p style=\"text-align: justify\"><span style=\"font-family: tahoma, arial, helvetica, sans-serif;font-size: 14pt\"><strong>ORIENTADOR: <\/strong>Prof. Dr. Amarildo Hersen<\/span><\/p>\n<p style=\"text-align: justify\"><a href=\"https:\/\/sguweb.unicentro.br\/app\/webroot\/arquivos\/atsubmissao\/Monografia_Aldo_Przybysz_Ci_ncias_Econ_mica_2025.pdf\" target=\"_blank\" rel=\"noopener\"><span style=\"font-family: tahoma, arial, helvetica, sans-serif;font-size: 14pt\"><strong><span style=\"color: #800000\">PDF DA PUBLICA\u00c7\u00c3O<\/span><\/strong><\/span><\/a><\/p>\n<p>[\/vc_column_text][\/vc_column][\/vc_row]<\/p>\n<\/div>","protected":false},"excerpt":{"rendered":"<p>[vc_row][vc_column][vc_column_text css=&#8221;&#8221;] T\u00cdTULO: A Concentra\u00e7\u00e3o da Gera\u00e7\u00e3o de Energia El\u00e9trica no Estado do Paran\u00e1: uma an\u00e1lise regional com \u00eanfase em fontes renov\u00e1veis RESUMO: A necessidade de gradativamente substituir as unidades de gera\u00e7\u00e3o de energia el\u00e9trica baseadas em combust\u00edveis f\u00f3sseis por fontes renov\u00e1veis decorre, sobretudo, dos impactos ambientais associados ao modelo tradicional. O Paran\u00e1 \u00e9 o [&hellip;]<\/p>\n","protected":false},"author":254,"featured_media":0,"comment_status":"open","ping_status":"open","sticky":false,"template":"","format":"standard","meta":{"_exactmetrics_skip_tracking":false,"_exactmetrics_sitenote_active":false,"_exactmetrics_sitenote_note":"","_exactmetrics_sitenote_category":0,"footnotes":"","_links_to":"","_links_to_target":""},"categories":[1],"tags":[],"class_list":["post-793","post","type-post","status-publish","format-standard","hentry","category-sem-categoria"],"_links":{"self":[{"href":"https:\/\/www3.unicentro.br\/decon\/wp-json\/wp\/v2\/posts\/793","targetHints":{"allow":["GET"]}}],"collection":[{"href":"https:\/\/www3.unicentro.br\/decon\/wp-json\/wp\/v2\/posts"}],"about":[{"href":"https:\/\/www3.unicentro.br\/decon\/wp-json\/wp\/v2\/types\/post"}],"author":[{"embeddable":true,"href":"https:\/\/www3.unicentro.br\/decon\/wp-json\/wp\/v2\/users\/254"}],"replies":[{"embeddable":true,"href":"https:\/\/www3.unicentro.br\/decon\/wp-json\/wp\/v2\/comments?post=793"}],"version-history":[{"count":2,"href":"https:\/\/www3.unicentro.br\/decon\/wp-json\/wp\/v2\/posts\/793\/revisions"}],"predecessor-version":[{"id":871,"href":"https:\/\/www3.unicentro.br\/decon\/wp-json\/wp\/v2\/posts\/793\/revisions\/871"}],"wp:attachment":[{"href":"https:\/\/www3.unicentro.br\/decon\/wp-json\/wp\/v2\/media?parent=793"}],"wp:term":[{"taxonomy":"category","embeddable":true,"href":"https:\/\/www3.unicentro.br\/decon\/wp-json\/wp\/v2\/categories?post=793"},{"taxonomy":"post_tag","embeddable":true,"href":"https:\/\/www3.unicentro.br\/decon\/wp-json\/wp\/v2\/tags?post=793"}],"curies":[{"name":"wp","href":"https:\/\/api.w.org\/{rel}","templated":true}]}}