{"id":2706,"date":"2023-06-21T11:02:12","date_gmt":"2023-06-21T14:02:12","guid":{"rendered":"https:\/\/www3.unicentro.br\/cedeteg\/?p=2706"},"modified":"2023-06-21T11:02:12","modified_gmt":"2023-06-21T14:02:12","slug":"direcao-de-campus-premia-vencedores-do-concurso-cedeteg-em-fotografia","status":"publish","type":"post","link":"https:\/\/www3.unicentro.br\/cedeteg\/2023\/06\/21\/direcao-de-campus-premia-vencedores-do-concurso-cedeteg-em-fotografia\/","title":{"rendered":"Dire\u00e7\u00e3o de C\u00e2mpus premia vencedores do concurso Cedeteg em Fotografia"},"content":{"rendered":"<p>Nesta ter\u00e7a-feira, ocorreu a premia\u00e7\u00e3o dos ganhadores do concurso Cedeteg em Fotografia. A Dire\u00e7\u00e3o do C\u00e2mpus Cedeteg promoveu o concurso com o intuito de celebrar os 33 anos da Unicentro, enaltecer as belezas do Cedeteg, fomentar a express\u00e3o art\u00edstica por meio da fotografia e valorizar a criatividade dos frequentadores do c\u00e2mpus. Os fot\u00f3grafos enviaram suas obras, que variavam desde paisagens at\u00e9 retratos e experimenta\u00e7\u00f5es abstratas.<\/p>\n<p>Os primeiros colocados foram agraciados com pr\u00eamios e todos os participantes ter\u00e3o suas fotografias expostas em um evento futuro. Na primeira coloca\u00e7\u00e3o, ficou o acad\u00eamico do primeiro ano do curso de F\u00edsica, Daniel Crime. Em segundo lugar, ficou a servidora da Unicentro e egressa do curso de Qu\u00edmica, Giselly Amaral. Em terceiro e fechando a lista de premiados, ficou a engenheira agr\u00f4noma Talia Aksenen, tamb\u00e9m egressa da Unicentro e do c\u00e2mpus Cedeteg.<\/p>\n<p>1\u00aa Coloca\u00e7\u00e3o &#8211; Daniel Crime &#8211; Pr\u00eamio: um HD de 1 terabyte + um cart\u00e3o de mem\u00f3ria de 64 gigabytes.<\/p>\n<p>2\u00aa Coloca\u00e7\u00e3o &#8211; Gicelly Amaral &#8211; Pr\u00eamio: um cart\u00e3o de mem\u00f3ria de 64 gigabytes + 2 pendrives de 4 gigabytes<\/p>\n<p>3\u00aa Coloca\u00e7\u00e3o &#8211; Talia Aksenen &#8211; Pr\u00eamio: um cart\u00e3o de mem\u00f3ria de 64 gigabytes + 1 pendrive de 4 gigabyte<\/p>\n<p>Inspirando a comunidade local e refor\u00e7ando a import\u00e2ncia da express\u00e3o art\u00edstica como forma de enriquecer nossas vidas, o concurso Cedeteg em Fotografia foi um sucesso e veio para ficar. Fique atento \u00e0 pr\u00f3xima edi\u00e7\u00e3o!<\/p>\n<div class=\"wp-block-image\"><\/div>\n<div class=\"wp-block-image\"><\/div>\n<div class=\"wp-block-image\">\n<div class=\"wp-block-image\"><img loading=\"lazy\" decoding=\"async\" class=\"alignleft wp-image-2712\" src=\"https:\/\/www3.unicentro.br\/cedeteg\/wp-content\/uploads\/sites\/91\/2023\/06\/1686404880350-1024x637.jpg\" alt=\"\" width=\"482\" height=\"300\" srcset=\"https:\/\/www3.unicentro.br\/cedeteg\/wp-content\/uploads\/sites\/91\/2023\/06\/1686404880350-1024x637.jpg 1024w, https:\/\/www3.unicentro.br\/cedeteg\/wp-content\/uploads\/sites\/91\/2023\/06\/1686404880350-300x187.jpg 300w, https:\/\/www3.unicentro.br\/cedeteg\/wp-content\/uploads\/sites\/91\/2023\/06\/1686404880350-768x478.jpg 768w, https:\/\/www3.unicentro.br\/cedeteg\/wp-content\/uploads\/sites\/91\/2023\/06\/1686404880350-1536x956.jpg 1536w, https:\/\/www3.unicentro.br\/cedeteg\/wp-content\/uploads\/sites\/91\/2023\/06\/1686404880350-255x159.jpg 255w, https:\/\/www3.unicentro.br\/cedeteg\/wp-content\/uploads\/sites\/91\/2023\/06\/1686404880350.jpg 1928w\" sizes=\"auto, (max-width: 482px) 100vw, 482px\" \/><\/div>\n<div class=\"wp-block-image\"><img loading=\"lazy\" decoding=\"async\" class=\"alignleft size-medium wp-image-2713\" src=\"https:\/\/www3.unicentro.br\/cedeteg\/wp-content\/uploads\/sites\/91\/2023\/06\/WhatsApp-Image-2023-06-21-at-10.55.11-269x300.jpeg\" alt=\"\" width=\"269\" height=\"300\" srcset=\"https:\/\/www3.unicentro.br\/cedeteg\/wp-content\/uploads\/sites\/91\/2023\/06\/WhatsApp-Image-2023-06-21-at-10.55.11-269x300.jpeg 269w, https:\/\/www3.unicentro.br\/cedeteg\/wp-content\/uploads\/sites\/91\/2023\/06\/WhatsApp-Image-2023-06-21-at-10.55.11-255x285.jpeg 255w, https:\/\/www3.unicentro.br\/cedeteg\/wp-content\/uploads\/sites\/91\/2023\/06\/WhatsApp-Image-2023-06-21-at-10.55.11.jpeg 738w\" sizes=\"auto, (max-width: 269px) 100vw, 269px\" \/><\/div>\n<div class=\"wp-block-image\"><img loading=\"lazy\" decoding=\"async\" class=\"alignleft size-medium wp-image-2714\" src=\"https:\/\/www3.unicentro.br\/cedeteg\/wp-content\/uploads\/sites\/91\/2023\/06\/WhatsApp-Image-2023-06-21-at-10.54.18-241x300.jpeg\" alt=\"\" width=\"241\" height=\"300\" srcset=\"https:\/\/www3.unicentro.br\/cedeteg\/wp-content\/uploads\/sites\/91\/2023\/06\/WhatsApp-Image-2023-06-21-at-10.54.18-241x300.jpeg 241w, https:\/\/www3.unicentro.br\/cedeteg\/wp-content\/uploads\/sites\/91\/2023\/06\/WhatsApp-Image-2023-06-21-at-10.54.18-768x954.jpeg 768w, https:\/\/www3.unicentro.br\/cedeteg\/wp-content\/uploads\/sites\/91\/2023\/06\/WhatsApp-Image-2023-06-21-at-10.54.18-255x317.jpeg 255w, https:\/\/www3.unicentro.br\/cedeteg\/wp-content\/uploads\/sites\/91\/2023\/06\/WhatsApp-Image-2023-06-21-at-10.54.18.jpeg 824w\" sizes=\"auto, (max-width: 241px) 100vw, 241px\" \/><\/div>\n<\/div>\n<p>&nbsp;<\/p>\n","protected":false},"excerpt":{"rendered":"<p>Nesta ter\u00e7a-feira, ocorreu a premia\u00e7\u00e3o dos ganhadores do concurso Cedeteg em Fotografia. A Dire\u00e7\u00e3o do C\u00e2mpus Cedeteg promoveu o concurso com o intuito de celebrar os 33 anos da Unicentro, enaltecer as belezas do Cedeteg, fomentar a express\u00e3o art\u00edstica por meio da fotografia e valorizar a criatividade dos frequentadores do c\u00e2mpus. Os fot\u00f3grafos enviaram suas [&hellip;]<\/p>\n","protected":false},"author":9,"featured_media":2709,"comment_status":"open","ping_status":"open","sticky":false,"template":"","format":"standard","meta":{"_exactmetrics_skip_tracking":false,"_exactmetrics_sitenote_active":false,"_exactmetrics_sitenote_note":"","_exactmetrics_sitenote_category":0,"fifu_image_url":"","fifu_image_alt":"","footnotes":"","_links_to":"","_links_to_target":""},"categories":[8],"tags":[],"class_list":["post-2706","post","type-post","status-publish","format-standard","has-post-thumbnail","hentry","category-noticias"],"_links":{"self":[{"href":"https:\/\/www3.unicentro.br\/cedeteg\/wp-json\/wp\/v2\/posts\/2706","targetHints":{"allow":["GET"]}}],"collection":[{"href":"https:\/\/www3.unicentro.br\/cedeteg\/wp-json\/wp\/v2\/posts"}],"about":[{"href":"https:\/\/www3.unicentro.br\/cedeteg\/wp-json\/wp\/v2\/types\/post"}],"author":[{"embeddable":true,"href":"https:\/\/www3.unicentro.br\/cedeteg\/wp-json\/wp\/v2\/users\/9"}],"replies":[{"embeddable":true,"href":"https:\/\/www3.unicentro.br\/cedeteg\/wp-json\/wp\/v2\/comments?post=2706"}],"version-history":[{"count":0,"href":"https:\/\/www3.unicentro.br\/cedeteg\/wp-json\/wp\/v2\/posts\/2706\/revisions"}],"wp:featuredmedia":[{"embeddable":true,"href":"https:\/\/www3.unicentro.br\/cedeteg\/wp-json\/wp\/v2\/media\/2709"}],"wp:attachment":[{"href":"https:\/\/www3.unicentro.br\/cedeteg\/wp-json\/wp\/v2\/media?parent=2706"}],"wp:term":[{"taxonomy":"category","embeddable":true,"href":"https:\/\/www3.unicentro.br\/cedeteg\/wp-json\/wp\/v2\/categories?post=2706"},{"taxonomy":"post_tag","embeddable":true,"href":"https:\/\/www3.unicentro.br\/cedeteg\/wp-json\/wp\/v2\/tags?post=2706"}],"curies":[{"name":"wp","href":"https:\/\/api.w.org\/{rel}","templated":true}]}}