{"id":2692,"date":"2023-06-20T10:29:13","date_gmt":"2023-06-20T13:29:13","guid":{"rendered":"https:\/\/www3.unicentro.br\/cedeteg\/?p=2692"},"modified":"2023-06-20T10:29:13","modified_gmt":"2023-06-20T13:29:13","slug":"unicentro-recebe-animais-resgatados-de-zoologico-embargado-em-dois-vizinhos","status":"publish","type":"post","link":"https:\/\/www3.unicentro.br\/cedeteg\/2023\/06\/20\/unicentro-recebe-animais-resgatados-de-zoologico-embargado-em-dois-vizinhos\/","title":{"rendered":"Unicentro recebe animais resgatados de zool\u00f3gico embargado em Dois Vizinhos"},"content":{"rendered":"<p style=\"text-align: justify\">Em uma opera\u00e7\u00e3o coordenada pelo Instituto \u00c1gua e Terra (IAT), um zool\u00f3gico localizado na cidade de Dois Vizinhos foi embargado devido \u00e0 falta de documenta\u00e7\u00e3o adequada e den\u00fancias de maus-tratos aos animais. Como parte dos esfor\u00e7os para garantir o bem-estar desses animais, a equipe do Cafs, que o Centro de Apoio \u00e0 Fauna Silvestre da Unicentro, foi convidada a dar suporte t\u00e9cnico quanto ao tratamento veterin\u00e1rio dos animais que eventualmente precisassem.<\/p>\n<p style=\"text-align: justify\">\u201cNo caso dessa interven\u00e7\u00e3o, o Instituto \u00c1gua e Terra recebeu uma den\u00fancia de maus-tratos, basicamente pela aus\u00eancia de respons\u00e1vel t\u00e9cnico veterin\u00e1rio e bi\u00f3logo, que s\u00e3o obrigat\u00f3rios nesse tipo de estabelecimento. O \u00f3rg\u00e3o ambiental imediatamente montou uma equipe do setor de fauna de Curitiba e essa equipe solicitou o apoio da Unicentro\u201d, explica o coordenador do Cafs Unicentro, professor Rodrigo Martins de Souza. \u201cN\u00f3s temos o nosso Cafs, que tem uma equipe grande, que est\u00e1 acostumada a trabalhar com animais silvestres. Uma vez autorizada a nossa participa\u00e7\u00e3o, ela era um apoio t\u00e9cnico para inspecionar, examinar e atender os animais do plantel\u201d, ressalta.<\/p>\n<p style=\"text-align: justify\">O espa\u00e7o contava com cerca de 350 animais e mais de 150 foram encaminhados para outros locais capacitados a receber animais selvagens espalhados pelo Brasil. Alguns animais permaneceram no zool\u00f3gico e v\u00e3o receber o atendimento de um veterin\u00e1rio que foi contratado em car\u00e1ter emergencial.<\/p>\n<p style=\"text-align: justify\">No plantel do zool\u00f3gico havia uma leoa bastante idosa, que estava em tratamento de c\u00e2ncer desde o come\u00e7o do ano. Ap\u00f3s avalia\u00e7\u00f5es e procedimento cir\u00fargico por outras equipes veterin\u00e1rias, devido ao quadro cr\u00edtico, optou-se pela eutan\u00e1sia. \u201cNo caso dessa leoa foi feita a op\u00e7\u00e3o pela eutan\u00e1sia, foi realizada pelo pr\u00f3prio veterin\u00e1rio contratado emergencialmente pelo empreendimento. Foi um procedimento t\u00e9cnico, uma escolha t\u00e9cnica a partir de uma evolu\u00e7\u00e3o da doen\u00e7a do animal. A leoa foi encaminhada aqui para Unicentro, passou pelo exame do cad\u00e1ver e nessa necropsia foi confirmada a dissemina\u00e7\u00e3o da neoplasia, que chamamos de met\u00e1stase\u201d, ratificou Rodrigo.<\/p>\n<p style=\"text-align: justify\">Ap\u00f3s uma triagem, aves, mam\u00edferos e r\u00e9pteis foram transportados para o Cafs Unicentro, que se prontificou a receb\u00ea-los, oferecendo as condi\u00e7\u00f5es adequadas para recupera\u00e7\u00e3o e cuidados. \u201cO Cafs da Unicentro se disp\u00f4s a receber uma pequena parte desses animais porque aqui \u00e9 uma estrutura hospitalar e n\u00e3o \u00e9 uma estrutura de manuten\u00e7\u00e3o\u201d, conta Rodrigo. \u201cForam encaminhados para c\u00e1 sete aves \u2013 tr\u00eas corujas, um gavi\u00e3o e tr\u00eas papagaios. As corujas est\u00e3o em avalia\u00e7\u00e3o, os papagaios est\u00e3o enfermos e v\u00e3o passar por tratamento. Tamb\u00e9m foi enviada uma cascavel, que tinha uma les\u00e3o em face, que j\u00e1 foi removida e agora est\u00e1 sendo tratada, tamb\u00e9m um filhote de fur\u00e3o para reabilita\u00e7\u00e3o e dois gatos mouriscos que tamb\u00e9m vieram para reabilita\u00e7\u00e3o\u201d, detalha.<\/p>\n<p style=\"text-align: justify\">De acordo com o coordenador do Cafs, depois de submetidos \u00e0s avalia\u00e7\u00f5es veterin\u00e1rias e aos tratamentos adequados, alguns dos animais poder\u00e3o ser colocados em liberdade. \u201cO gavi\u00e3o, os gatos mouriscos e o gamb\u00e1 s\u00e3o candidatos \u00e0 soltura. S\u00e3o animais que ainda tem uma parte dos seus instintos preservados e que, nas avalia\u00e7\u00f5es comportamentais e de sa\u00fade, se passarem em todos os quesitos, podem vir a ser soltos na natureza\u201d, disse.<\/p>\n<p style=\"text-align: justify\">Segundo Rodrigo, por enquanto, os animais ficar\u00e3o em observa\u00e7\u00e3o e tratamento por tempo indeterminado. \u201cDos que est\u00e3o doentes e que v\u00e3o passar por tratamento, nenhum deles est\u00e1 num quadro grave, s\u00e3o todos quadros moderados a leves, mas que precisavam de aten\u00e7\u00e3o e aqui eles v\u00e3o ficar at\u00e9 o momento da alta. Depois eles v\u00e3o ser encaminhados para outros empreendimentos de fauna. Dos animais que est\u00e3o doentes, por enquanto, nenhum deles \u00e9 classificado ou est\u00e1 dentro das condi\u00e7\u00f5es que a gente considera apto para soltura\u201d, pondera.<\/p>\n","protected":false},"excerpt":{"rendered":"<p>Centro de Apoio \u00e0 Fauna Silvestre vai dar suporte t\u00e9cnico no tratamento veterin\u00e1rio dos animais<\/p>\n","protected":false},"author":9,"featured_media":2693,"comment_status":"open","ping_status":"open","sticky":false,"template":"","format":"standard","meta":{"_exactmetrics_skip_tracking":false,"_exactmetrics_sitenote_active":false,"_exactmetrics_sitenote_note":"","_exactmetrics_sitenote_category":0,"fifu_image_url":"","fifu_image_alt":"","footnotes":"","_links_to":"","_links_to_target":""},"categories":[8],"tags":[],"class_list":["post-2692","post","type-post","status-publish","format-standard","has-post-thumbnail","hentry","category-noticias"],"_links":{"self":[{"href":"https:\/\/www3.unicentro.br\/cedeteg\/wp-json\/wp\/v2\/posts\/2692","targetHints":{"allow":["GET"]}}],"collection":[{"href":"https:\/\/www3.unicentro.br\/cedeteg\/wp-json\/wp\/v2\/posts"}],"about":[{"href":"https:\/\/www3.unicentro.br\/cedeteg\/wp-json\/wp\/v2\/types\/post"}],"author":[{"embeddable":true,"href":"https:\/\/www3.unicentro.br\/cedeteg\/wp-json\/wp\/v2\/users\/9"}],"replies":[{"embeddable":true,"href":"https:\/\/www3.unicentro.br\/cedeteg\/wp-json\/wp\/v2\/comments?post=2692"}],"version-history":[{"count":0,"href":"https:\/\/www3.unicentro.br\/cedeteg\/wp-json\/wp\/v2\/posts\/2692\/revisions"}],"wp:featuredmedia":[{"embeddable":true,"href":"https:\/\/www3.unicentro.br\/cedeteg\/wp-json\/wp\/v2\/media\/2693"}],"wp:attachment":[{"href":"https:\/\/www3.unicentro.br\/cedeteg\/wp-json\/wp\/v2\/media?parent=2692"}],"wp:term":[{"taxonomy":"category","embeddable":true,"href":"https:\/\/www3.unicentro.br\/cedeteg\/wp-json\/wp\/v2\/categories?post=2692"},{"taxonomy":"post_tag","embeddable":true,"href":"https:\/\/www3.unicentro.br\/cedeteg\/wp-json\/wp\/v2\/tags?post=2692"}],"curies":[{"name":"wp","href":"https:\/\/api.w.org\/{rel}","templated":true}]}}