{"id":2689,"date":"2023-06-16T10:25:39","date_gmt":"2023-06-16T13:25:39","guid":{"rendered":"https:\/\/www3.unicentro.br\/cedeteg\/?p=2689"},"modified":"2023-06-20T10:27:39","modified_gmt":"2023-06-20T13:27:39","slug":"unidade-escola-de-enfermagem-recebe-visita-de-membros-do-ministerio-da-saude-do-hospital-albert-einstein-e-da-fiocruz","status":"publish","type":"post","link":"https:\/\/www3.unicentro.br\/cedeteg\/2023\/06\/16\/unidade-escola-de-enfermagem-recebe-visita-de-membros-do-ministerio-da-saude-do-hospital-albert-einstein-e-da-fiocruz\/","title":{"rendered":"Unidade Escola de Enfermagem recebe visita de membros do Minist\u00e9rio da Sa\u00fade, do Hospital Albert Einstein e da Fiocruz"},"content":{"rendered":"<p style=\"text-align: justify\">Representantes do Minist\u00e9rio da Sa\u00fade, do Hospital Albert Einstein e da Funda\u00e7\u00e3o Oswaldo Cruz (Fiocruz) visitaram a Unidade Escola de Enfermagem da Universidade Estadual do Centro-Oeste (Unicentro), localizada no C\u00e2mpus Cedeteg. A visita teve como objetivo conhecer os projetos ofertados na unidade e oportunizar novas parcerias.<\/p>\n<p style=\"text-align: justify\">A comitiva esteve em Guarapuava para ofertar um treinamento especializado aos profissionais do Centro de Testagem e Aconselhamento (CTA), al\u00e9m de fortalecer o atendimento de pacientes do Servi\u00e7o de Assist\u00eancia Especializada (SAE). \u201cO SAE foi indicado pelo estado para participar de um projeto que chama Proadi-SUS (Programa de Apoio ao Desenvolvimento Institucional do Sistema \u00danico de Sa\u00fade), que \u00e9 um projeto do Minist\u00e9rio da Sa\u00fade, junto com o Albert Einstein e tamb\u00e9m a Fiocruz. Para n\u00f3s, \u00e9 um ganho excepcional, porque temos a oportunidade de ampliar a carteira de servi\u00e7os que \u00e9 oferecida hoje no nosso CTA\u201d, contou a coordenadora do SAE, enfermeira \u00a0Angela Maria de Camargo.<\/p>\n<p style=\"text-align: justify\">Os representantes das institui\u00e7\u00f5es parceiras destacaram a import\u00e2ncia do treinamento para aperfei\u00e7oar o diagn\u00f3stico, preven\u00e7\u00e3o e tratamento de doen\u00e7as, al\u00e9m de promover a conscientiza\u00e7\u00e3o sobre a import\u00e2ncia dos servi\u00e7os de sa\u00fade oferecidos \u00e0 popula\u00e7\u00e3o. \u201cGuarapuava foi um munic\u00edpio contemplado porque o servi\u00e7o daqui j\u00e1 \u00e9 um servi\u00e7o muito bom, com uma potencialidade muito boa de acesso \u00e0 popula\u00e7\u00e3o, j\u00e1 cuida de muita gente, s\u00f3 que \u00e9 um \u00e9 um servi\u00e7o que a gente percebeu em toda nossa an\u00e1lise que ele pode ir mais al\u00e9m. A gente vem fazer essa avalia\u00e7\u00e3o do servi\u00e7o e auxiliar eles, mentorar eles durante um tempo e cuidar deste servi\u00e7o na parte de gest\u00e3o, qualidade, diagn\u00f3stico, promo\u00e7\u00e3o, a\u00e7\u00f5es extra-muros. Tudo que contempla a carteira de servi\u00e7os, a gente vai cuidar para que seja uma potencialidade ainda maior do que j\u00e1 \u00e9\u201d, explicou a m\u00e9dica de laborat\u00f3rio cl\u00ednico do Hospital Albert Einstein, Layze Castberg de Oliveira.<\/p>\n<p style=\"text-align: justify\">A professora Alexandra Madureira, diretora da Unidade Escola de Enfermagem da Unicentro, que participou do treinamento, expressou sua satisfa\u00e7\u00e3o com o aprendizado e a oportunidade de futuras parcerias. \u201cTivemos essa capacita\u00e7\u00e3o, onde foram levantadas todas as fraquezas e as fortalezas de todo o servi\u00e7o e, como n\u00f3s temos uma liga\u00e7\u00e3o \u2013 a Unidade Escola tem uma liga\u00e7\u00e3o com o SAE atrav\u00e9s de projetos \u2013 eles querem vir conhecer. A gente tem esse atendimento aqui, por isso da ideia de mostrar o servi\u00e7o, o nosso espa\u00e7o e tamb\u00e9m para conhecer os outros projetos independente desses que a gente j\u00e1 atua junto com o SAE\u201d, disse.<\/p>\n<p style=\"text-align: justify\">Para a coordenadora \u00a0do SAE, Angela de Camargo, a troca de experi\u00eancias e conhecimentos fortalece a forma\u00e7\u00e3o de parcerias para futuros projetos e amplia\u00e7\u00e3o do atendimento \u00e0 popula\u00e7\u00e3o. \u201cTrazer essa parceria junto com o Minist\u00e9rio da Sa\u00fade, o pr\u00f3prio Minist\u00e9rio conhecer a nossa realidade, somos uma universidade p\u00fablica, fazemos parte desse contexto e j\u00e1 trazendo uma equipe como a do Proadi para gerar conhecimento, parceria e trazer novos projetos ainda para nossa regi\u00e3o, para nossa cidade, principalmente tendo esse v\u00ednculo com a universidade, ent\u00e3o a universidade como parceira \u00e9 primordial para que isso aconte\u00e7a\u201d, disse a enfermeira, que tamb\u00e9m \u00e9 egressa da Unicentro.<\/p>\n<p style=\"text-align: justify\">Al\u00e9m de ministrar cursos de aprimoramento, a comitiva tamb\u00e9m avaliou os servi\u00e7os prestados, a fim de estabelecer novos la\u00e7os de coopera\u00e7\u00e3o. \u201dQuando a gente vem, a gente vem para avaliar parcerias. N\u00f3s fomos convidados para vir aqui na Unicentro, no ambulat\u00f3rio da enfermagem, ver os projetos que eles t\u00eam aqui, articular entre n\u00f3s projetos tamb\u00e9m e ver o quanto essas parcerias est\u00e3o funcionando aqui com a Unicentro e isso trouxe mais valor ainda, de igual modo, para todos os participantes da comitiva. Todos n\u00f3s vemos da mesma forma, que essas parcerias funcionam e s\u00e3o de grande valor para a popula\u00e7\u00e3o\u201d, ratificou a m\u00e9dica Layze Castberg.<\/p>\n","protected":false},"excerpt":{"rendered":"<p>A\u00e7\u00e3o fez parte de treinamento  para envolvidos no servi\u00e7o de testagem an\u00f4nima do munic\u00edpio<\/p>\n","protected":false},"author":9,"featured_media":2690,"comment_status":"open","ping_status":"open","sticky":false,"template":"","format":"standard","meta":{"_exactmetrics_skip_tracking":false,"_exactmetrics_sitenote_active":false,"_exactmetrics_sitenote_note":"","_exactmetrics_sitenote_category":0,"fifu_image_url":"","fifu_image_alt":"","footnotes":"","_links_to":"","_links_to_target":""},"categories":[8],"tags":[],"class_list":["post-2689","post","type-post","status-publish","format-standard","has-post-thumbnail","hentry","category-noticias"],"_links":{"self":[{"href":"https:\/\/www3.unicentro.br\/cedeteg\/wp-json\/wp\/v2\/posts\/2689","targetHints":{"allow":["GET"]}}],"collection":[{"href":"https:\/\/www3.unicentro.br\/cedeteg\/wp-json\/wp\/v2\/posts"}],"about":[{"href":"https:\/\/www3.unicentro.br\/cedeteg\/wp-json\/wp\/v2\/types\/post"}],"author":[{"embeddable":true,"href":"https:\/\/www3.unicentro.br\/cedeteg\/wp-json\/wp\/v2\/users\/9"}],"replies":[{"embeddable":true,"href":"https:\/\/www3.unicentro.br\/cedeteg\/wp-json\/wp\/v2\/comments?post=2689"}],"version-history":[{"count":0,"href":"https:\/\/www3.unicentro.br\/cedeteg\/wp-json\/wp\/v2\/posts\/2689\/revisions"}],"wp:featuredmedia":[{"embeddable":true,"href":"https:\/\/www3.unicentro.br\/cedeteg\/wp-json\/wp\/v2\/media\/2690"}],"wp:attachment":[{"href":"https:\/\/www3.unicentro.br\/cedeteg\/wp-json\/wp\/v2\/media?parent=2689"}],"wp:term":[{"taxonomy":"category","embeddable":true,"href":"https:\/\/www3.unicentro.br\/cedeteg\/wp-json\/wp\/v2\/categories?post=2689"},{"taxonomy":"post_tag","embeddable":true,"href":"https:\/\/www3.unicentro.br\/cedeteg\/wp-json\/wp\/v2\/tags?post=2689"}],"curies":[{"name":"wp","href":"https:\/\/api.w.org\/{rel}","templated":true}]}}