{"id":2637,"date":"2023-06-12T15:28:29","date_gmt":"2023-06-12T18:28:29","guid":{"rendered":"https:\/\/www3.unicentro.br\/cedeteg\/?p=2637"},"modified":"2023-06-12T15:28:29","modified_gmt":"2023-06-12T18:28:29","slug":"direcao-do-campus-cedeteg-realiza-reforma-na-sala-de-reunioes-do-grupo-geopet","status":"publish","type":"post","link":"https:\/\/www3.unicentro.br\/cedeteg\/2023\/06\/12\/direcao-do-campus-cedeteg-realiza-reforma-na-sala-de-reunioes-do-grupo-geopet\/","title":{"rendered":"Dire\u00e7\u00e3o do C\u00e2mpus Cedeteg realiza reforma na sala de reuni\u00f5es do grupo Geopet"},"content":{"rendered":"<p style=\"text-align: justify\">A Dire\u00e7\u00e3o do C\u00e2mpus Cedeteg anunciou a conclus\u00e3o da reforma da sala de reuni\u00f5es destinada ao grupo Geopet, o Programa de Educa\u00e7\u00e3o Tutorial em Geografia da Unicentro. A reforma teve como objetivo proporcionar um ambiente mais funcional e confort\u00e1vel para as atividades desenvolvidas pelo grupo.<\/p>\n<p style=\"text-align: justify\">A sala de reuni\u00f5es, localizada no bloco de Geografia, passou por uma s\u00e9rie de modifica\u00e7\u00f5es para atender \u00e0s necessidades do Geopet. Entre as principais melhorias, destaca-se a impermeabiliza\u00e7\u00e3o e substitui\u00e7\u00e3o do piso e a cobertura de uma porta externa, resolvendo um antigo problema de infiltra\u00e7\u00e3o. Al\u00e9m disso, o espa\u00e7o foi totalmente revitalizado com nova pintura.<\/p>\n<p style=\"text-align: justify\">\u201cExistia uma porta na parte externa dessa sala que, em algumas chuvas, entrava \u00e1gua e, pelo fato do piso ser de madeira, acabava mofando, a umidade era dif\u00edcil de sair. Era um problema cr\u00f4nico que n\u00f3s t\u00ednhamos nessa sala e que a gente conseguiu viabilizar impermeabilizando toda a sala, fazendo revestimento cer\u00e2mico e repintando todas as paredes. Essa porta que fazia com que entrasse a \u00e1gua, a gente fechou. Fizemos tudo com Direa (Diretoria de Engenharia e Arquitetura) e vimos que a o fechamento era o mais vi\u00e1vel, ent\u00e3o fizemos todas essas adapta\u00e7\u00f5es, conseguimos finalizar toda a obra e hoje \u00e9 um espa\u00e7o que parece at\u00e9 que ampliou, pelo fato de ter ficado mais claro. Agora o cheiro do mofo ou outras infiltra\u00e7\u00f5es, n\u00f3s n\u00e3o temos mais, ent\u00e3o a sala ficou boa\u201d, declarou o diretor do C\u00e2mpus Cedeteg, Ricardo Yoshimitsu Miyahara.<\/p>\n<p style=\"text-align: justify\">\u201cSempre tinha muito cheiro de mofo na sala, quando vinha uma chuva forte a \u00e1gua entrava e ela ficava acumulada. Quando a gente n\u00e3o estava aqui, por exemplo no final de semana, a \u00e1gua ficava acumulada e a\u00ed ela ficava ali, desaparecendo com o tempo, evaporando. E a\u00ed o cheiro inevit\u00e1vel do mofo sempre aparecia.O piso anterior, que eram aqueles taquinhos de madeira foram todos retirados, com isso ent\u00e3o se eliminou as fontes de mofo, foi colocado um impermeabilizante e, na sequ\u00eancia, o piso. Com isso a gente espera que o problema tenha sido resolvido e a qualidade da sala tenha melhorado\u201d, declarou o tutor do PET, professor Mario Zasso Marin..<\/p>\n<p style=\"text-align: justify\">O investimento na reforma da sala de reuni\u00f5es foi feito com m\u00e3o de obra e recursos pr\u00f3prios do c\u00e2mpus e participa\u00e7\u00e3o do tutor do grupo, que contribuiu com a compra de alguns materiais necess\u00e1rios para a obra. A sala \u00e9 essencial para o Geopet na realiza\u00e7\u00e3o das atividades de ensino, pesquisa e extens\u00e3o. \u201cAqui a gente realiza basicamente atividades de ensino, eles preparam materiais para postagens, eles trabalham tamb\u00e9m nas pesquisas que eles t\u00eam que desenvolver e desenvolvem tamb\u00e9m os projetos de extens\u00e3o. As reuni\u00f5es tamb\u00e9m todas s\u00e3o feitas aqui, todos eles pelo menos um dia da semana realizam a perman\u00eancia, ent\u00e3o eles ficam aqui a tarde toda e realizam as atividades que ele tem de desenvolver\u201d contou o tutor, M\u00e1rio.<\/p>\n<p style=\"text-align: justify\">O diretor do c\u00e2mpus, professor Ricardo, destacou a import\u00e2ncia de oferecer um ambiente prop\u00edcio para o desenvolvimento das atividades do Geopet, promovendo a troca de conhecimentos e a colabora\u00e7\u00e3o entre os membros. \u201cComo os alunos permanecem o maior per\u00edodo do dia aqui nessa sala, no ambiente em que eles realizam as atividades, \u00e9 importante que esses locais estejam adequados para eles, sejam agrad\u00e1veis, que sejam ambientes confort\u00e1veis e que eles permane\u00e7am aqui desenvolvendo suas atividades sem se preocupar com outras coisas\u201d, disse.<\/p>\n<p style=\"text-align: justify\">O professor M\u00e1rio Zasso expressou a satisfa\u00e7\u00e3o dos acad\u00eamicos com as mudan\u00e7as. \u201cHoje a gente chega aqui, abre a sala, ainda tem um cheiro de tinta, de obras, mas no geral \u00e9 s\u00f3 abrir a porta, ela ventila e j\u00e1 melhora. A qualidade de vida para n\u00f3s melhorou muito. Eles falaram que a sala ficou bem bonita, mais clara e at\u00e9 mais ampla em fun\u00e7\u00e3o da claridade que o piso deu, ent\u00e3o o feedback foi positivo e eu fiquei muito feliz com esses retornos positivos dados por eles\u201d.<\/p>\n<p style=\"text-align: justify\">A expectativa \u00e9 de que o novo ambiente estimule a criatividade e a produtividade dos membros do Geopet, resultando em projetos e pesquisas de alta qualidade e vistos como vitrine da universidade. \u201cO PET Geografia, em conjunto com o de Letras, \u00e9 o mais antigo da universidade, tem mais de 30 anos. Eu falo sempre que \u00e9 uma vitrine porque, al\u00e9m de toda essa parte de forma\u00e7\u00e3o deles, eles obrigatoriamente realizam projetos de pesquisa e extens\u00e3o e t\u00eam ido muito de encontro com o que a universidade quer, realizar as atividades aqui e em prol da comunidade, ent\u00e3o os programas PETs tem feito isso muito bem, ent\u00e3o \u00e9 uma vitrine da universidade\u201d, disse o diretor Ricardo Miyahara.<\/p>\n<div class=\"wp-block-image\"><img loading=\"lazy\" decoding=\"async\" class=\"alignleft wp-image-2642 size-medium\" src=\"https:\/\/www3.unicentro.br\/cedeteg\/wp-content\/uploads\/sites\/91\/2023\/06\/WhatsApp-Image-2023-06-07-at-09.05.16-1-243x300.jpeg\" alt=\"\" width=\"243\" height=\"300\" srcset=\"https:\/\/www3.unicentro.br\/cedeteg\/wp-content\/uploads\/sites\/91\/2023\/06\/WhatsApp-Image-2023-06-07-at-09.05.16-1-243x300.jpeg 243w, https:\/\/www3.unicentro.br\/cedeteg\/wp-content\/uploads\/sites\/91\/2023\/06\/WhatsApp-Image-2023-06-07-at-09.05.16-1-828x1024.jpeg 828w, https:\/\/www3.unicentro.br\/cedeteg\/wp-content\/uploads\/sites\/91\/2023\/06\/WhatsApp-Image-2023-06-07-at-09.05.16-1-768x950.jpeg 768w, https:\/\/www3.unicentro.br\/cedeteg\/wp-content\/uploads\/sites\/91\/2023\/06\/WhatsApp-Image-2023-06-07-at-09.05.16-1-255x315.jpeg 255w, https:\/\/www3.unicentro.br\/cedeteg\/wp-content\/uploads\/sites\/91\/2023\/06\/WhatsApp-Image-2023-06-07-at-09.05.16-1.jpeg 970w\" sizes=\"auto, (max-width: 243px) 100vw, 243px\" \/><\/p>\n<div class=\"wp-block-image\"><img loading=\"lazy\" decoding=\"async\" class=\"alignleft wp-image-2641\" src=\"https:\/\/www3.unicentro.br\/cedeteg\/wp-content\/uploads\/sites\/91\/2023\/06\/WhatsApp-Image-2023-06-07-at-09.05.16-300x158.jpeg\" alt=\"\" width=\"433\" height=\"227\" srcset=\"https:\/\/www3.unicentro.br\/cedeteg\/wp-content\/uploads\/sites\/91\/2023\/06\/WhatsApp-Image-2023-06-07-at-09.05.16-300x158.jpeg 300w, https:\/\/www3.unicentro.br\/cedeteg\/wp-content\/uploads\/sites\/91\/2023\/06\/WhatsApp-Image-2023-06-07-at-09.05.16-1024x538.jpeg 1024w, https:\/\/www3.unicentro.br\/cedeteg\/wp-content\/uploads\/sites\/91\/2023\/06\/WhatsApp-Image-2023-06-07-at-09.05.16-768x403.jpeg 768w, https:\/\/www3.unicentro.br\/cedeteg\/wp-content\/uploads\/sites\/91\/2023\/06\/WhatsApp-Image-2023-06-07-at-09.05.16-1536x806.jpeg 1536w, https:\/\/www3.unicentro.br\/cedeteg\/wp-content\/uploads\/sites\/91\/2023\/06\/WhatsApp-Image-2023-06-07-at-09.05.16-255x134.jpeg 255w, https:\/\/www3.unicentro.br\/cedeteg\/wp-content\/uploads\/sites\/91\/2023\/06\/WhatsApp-Image-2023-06-07-at-09.05.16.jpeg 1600w\" sizes=\"auto, (max-width: 433px) 100vw, 433px\" \/><\/p>\n<div>\n<div class=\"wp-block-image\"><img loading=\"lazy\" decoding=\"async\" class=\"alignright wp-image-2645\" src=\"https:\/\/www3.unicentro.br\/cedeteg\/wp-content\/uploads\/sites\/91\/2023\/06\/WhatsApp-Image-2023-06-12-at-15.02.19-1-225x300.jpeg\" alt=\"\" width=\"420\" height=\"560\" srcset=\"https:\/\/www3.unicentro.br\/cedeteg\/wp-content\/uploads\/sites\/91\/2023\/06\/WhatsApp-Image-2023-06-12-at-15.02.19-1-225x300.jpeg 225w, https:\/\/www3.unicentro.br\/cedeteg\/wp-content\/uploads\/sites\/91\/2023\/06\/WhatsApp-Image-2023-06-12-at-15.02.19-1-255x340.jpeg 255w, https:\/\/www3.unicentro.br\/cedeteg\/wp-content\/uploads\/sites\/91\/2023\/06\/WhatsApp-Image-2023-06-12-at-15.02.19-1.jpeg 768w\" sizes=\"auto, (max-width: 420px) 100vw, 420px\" \/><\/div>\n<\/div>\n<div class=\"wp-block-image\"><img loading=\"lazy\" decoding=\"async\" class=\"alignleft wp-image-2646\" src=\"https:\/\/www3.unicentro.br\/cedeteg\/wp-content\/uploads\/sites\/91\/2023\/06\/WhatsApp-Image-2023-06-12-at-15.02.19-2-300x225.jpeg\" alt=\"\" width=\"433\" height=\"325\" srcset=\"https:\/\/www3.unicentro.br\/cedeteg\/wp-content\/uploads\/sites\/91\/2023\/06\/WhatsApp-Image-2023-06-12-at-15.02.19-2-300x225.jpeg 300w, https:\/\/www3.unicentro.br\/cedeteg\/wp-content\/uploads\/sites\/91\/2023\/06\/WhatsApp-Image-2023-06-12-at-15.02.19-2-768x576.jpeg 768w, https:\/\/www3.unicentro.br\/cedeteg\/wp-content\/uploads\/sites\/91\/2023\/06\/WhatsApp-Image-2023-06-12-at-15.02.19-2-400x300.jpeg 400w, https:\/\/www3.unicentro.br\/cedeteg\/wp-content\/uploads\/sites\/91\/2023\/06\/WhatsApp-Image-2023-06-12-at-15.02.19-2-800x600.jpeg 800w, https:\/\/www3.unicentro.br\/cedeteg\/wp-content\/uploads\/sites\/91\/2023\/06\/WhatsApp-Image-2023-06-12-at-15.02.19-2-255x191.jpeg 255w, https:\/\/www3.unicentro.br\/cedeteg\/wp-content\/uploads\/sites\/91\/2023\/06\/WhatsApp-Image-2023-06-12-at-15.02.19-2.jpeg 1024w\" sizes=\"auto, (max-width: 433px) 100vw, 433px\" \/><\/p>\n<div class=\"wp-block-image\"><\/div>\n<\/div>\n<\/div>\n<\/div>\n","protected":false},"excerpt":{"rendered":"<p>A Dire\u00e7\u00e3o do C\u00e2mpus Cedeteg anunciou a conclus\u00e3o da reforma da sala de reuni\u00f5es destinada ao grupo Geopet, o Programa de Educa\u00e7\u00e3o Tutorial em Geografia da Unicentro. A reforma teve como objetivo proporcionar um ambiente mais funcional e confort\u00e1vel para as atividades desenvolvidas pelo grupo. A sala de reuni\u00f5es, localizada no bloco de Geografia, passou [&hellip;]<\/p>\n","protected":false},"author":9,"featured_media":2644,"comment_status":"open","ping_status":"open","sticky":false,"template":"","format":"standard","meta":{"_exactmetrics_skip_tracking":false,"_exactmetrics_sitenote_active":false,"_exactmetrics_sitenote_note":"","_exactmetrics_sitenote_category":0,"fifu_image_url":"","fifu_image_alt":"","footnotes":"","_links_to":"","_links_to_target":""},"categories":[8],"tags":[],"class_list":["post-2637","post","type-post","status-publish","format-standard","has-post-thumbnail","hentry","category-noticias"],"_links":{"self":[{"href":"https:\/\/www3.unicentro.br\/cedeteg\/wp-json\/wp\/v2\/posts\/2637","targetHints":{"allow":["GET"]}}],"collection":[{"href":"https:\/\/www3.unicentro.br\/cedeteg\/wp-json\/wp\/v2\/posts"}],"about":[{"href":"https:\/\/www3.unicentro.br\/cedeteg\/wp-json\/wp\/v2\/types\/post"}],"author":[{"embeddable":true,"href":"https:\/\/www3.unicentro.br\/cedeteg\/wp-json\/wp\/v2\/users\/9"}],"replies":[{"embeddable":true,"href":"https:\/\/www3.unicentro.br\/cedeteg\/wp-json\/wp\/v2\/comments?post=2637"}],"version-history":[{"count":0,"href":"https:\/\/www3.unicentro.br\/cedeteg\/wp-json\/wp\/v2\/posts\/2637\/revisions"}],"wp:featuredmedia":[{"embeddable":true,"href":"https:\/\/www3.unicentro.br\/cedeteg\/wp-json\/wp\/v2\/media\/2644"}],"wp:attachment":[{"href":"https:\/\/www3.unicentro.br\/cedeteg\/wp-json\/wp\/v2\/media?parent=2637"}],"wp:term":[{"taxonomy":"category","embeddable":true,"href":"https:\/\/www3.unicentro.br\/cedeteg\/wp-json\/wp\/v2\/categories?post=2637"},{"taxonomy":"post_tag","embeddable":true,"href":"https:\/\/www3.unicentro.br\/cedeteg\/wp-json\/wp\/v2\/tags?post=2637"}],"curies":[{"name":"wp","href":"https:\/\/api.w.org\/{rel}","templated":true}]}}