{"id":2634,"date":"2023-06-12T09:41:06","date_gmt":"2023-06-12T12:41:06","guid":{"rendered":"https:\/\/www3.unicentro.br\/cedeteg\/?p=2634"},"modified":"2023-06-12T09:41:06","modified_gmt":"2023-06-12T12:41:06","slug":"campus-cedeteg-realiza-campanha-de-arrecadacao-de-agasalhos-para-familias-carentes-do-bairro-industrial","status":"publish","type":"post","link":"https:\/\/www3.unicentro.br\/cedeteg\/2023\/06\/12\/campus-cedeteg-realiza-campanha-de-arrecadacao-de-agasalhos-para-familias-carentes-do-bairro-industrial\/","title":{"rendered":"C\u00e2mpus Cedeteg realiza campanha de arrecada\u00e7\u00e3o de agasalhos para fam\u00edlias carentes do bairro Industrial"},"content":{"rendered":"<p style=\"text-align: justify\">A Dire\u00e7\u00e3o do C\u00e2mpus Cedeteg est\u00e1 promovendo uma campanha de arrecada\u00e7\u00e3o de agasalhos, visando beneficiar as fam\u00edlias carentes do bairro Industrial, em Guarapuava. O ponto de arrecada\u00e7\u00e3o est\u00e1 localizado no hall da dire\u00e7\u00e3o de c\u00e2mpus e ficar\u00e1 aberto para receber as doa\u00e7\u00f5es at\u00e9 o dia 25 de julho. Alunos, professores, funcion\u00e1rios e a comunidade em geral s\u00e3o encorajados a participar da campanha e contribuir para tornar o inverno mais confort\u00e1vel para aqueles que enfrentam dificuldades nas baixas temperaturas.<\/p>\n<p style=\"text-align: justify\">\u201cA campanha do agasalho sempre come\u00e7a com uma demanda da comunidade, muitas vezes do pessoal da sa\u00fade, que vai fazer os atendimentos em bairros onde voc\u00ea tem uma comunidade com vulnerabilidade social maior, eles percebem essas dificuldades e essas necessidades da popula\u00e7\u00e3o. Os membros internos tamb\u00e9m, professores, alunos, funcion\u00e1rios que tamb\u00e9m s\u00e3o dessas comunidades ou que atuam nessas comunidades, percebem tamb\u00e9m essa dificuldade. A gente, como c\u00e2mpus, como centro para essas demandas, acaba sempre apoiando porque faz parte da Unicentro fazer tamb\u00e9m essa assist\u00eancia a popula\u00e7\u00e3o de maior vulnerabilidade\u201d, conta a vice-diretora do C\u00e2mpus Cedeteg, Aline Marques Gen\u00fa.<\/p>\n<p style=\"text-align: justify\">A iniciativa busca angariar desde agasalhos e jaquetas, at\u00e9 mantas e cobertores. Atrav\u00e9s da uni\u00e3o de esfor\u00e7os, \u00e9 poss\u00edvel promover mudan\u00e7as positivas e tornar o inverno mais suport\u00e1vel para as pessoas menos favorecidas. \u201cEsse ano, a doa\u00e7\u00e3o vai para o pessoal do bairro Industrial, quem est\u00e1 tamb\u00e9m ajudando \u00e9 uma aluna da Biologia, Maria, com o apoio do pessoal do centro acad\u00eamico de Medicina Veterin\u00e1ria, ent\u00e3o a gente tem um ponto de recolhimento aqui e o pessoal da veterin\u00e1ria tamb\u00e9m t\u00eam coletado e voc\u00ea pode doar qualquer produto de frio: cal\u00e7as, meias, cachecol, luva, touca, casaco, cobertor. Qualquer coisa \u00e9 bem-vinda e com certeza vai ajudar a popula\u00e7\u00e3o que necessita\u201d, convidou a vice-diretora, Aline Gen\u00fa.<\/p>\n","protected":false},"excerpt":{"rendered":"<p>Ponto de arrecada\u00e7\u00e3o no hall da dire\u00e7\u00e3o de c\u00e2mpus recebe doa\u00e7\u00f5es at\u00e9 25 de julho<\/p>\n","protected":false},"author":9,"featured_media":2635,"comment_status":"open","ping_status":"open","sticky":false,"template":"","format":"standard","meta":{"_exactmetrics_skip_tracking":false,"_exactmetrics_sitenote_active":false,"_exactmetrics_sitenote_note":"","_exactmetrics_sitenote_category":0,"fifu_image_url":"","fifu_image_alt":"","footnotes":"","_links_to":"","_links_to_target":""},"categories":[8],"tags":[],"class_list":["post-2634","post","type-post","status-publish","format-standard","has-post-thumbnail","hentry","category-noticias"],"_links":{"self":[{"href":"https:\/\/www3.unicentro.br\/cedeteg\/wp-json\/wp\/v2\/posts\/2634","targetHints":{"allow":["GET"]}}],"collection":[{"href":"https:\/\/www3.unicentro.br\/cedeteg\/wp-json\/wp\/v2\/posts"}],"about":[{"href":"https:\/\/www3.unicentro.br\/cedeteg\/wp-json\/wp\/v2\/types\/post"}],"author":[{"embeddable":true,"href":"https:\/\/www3.unicentro.br\/cedeteg\/wp-json\/wp\/v2\/users\/9"}],"replies":[{"embeddable":true,"href":"https:\/\/www3.unicentro.br\/cedeteg\/wp-json\/wp\/v2\/comments?post=2634"}],"version-history":[{"count":0,"href":"https:\/\/www3.unicentro.br\/cedeteg\/wp-json\/wp\/v2\/posts\/2634\/revisions"}],"wp:featuredmedia":[{"embeddable":true,"href":"https:\/\/www3.unicentro.br\/cedeteg\/wp-json\/wp\/v2\/media\/2635"}],"wp:attachment":[{"href":"https:\/\/www3.unicentro.br\/cedeteg\/wp-json\/wp\/v2\/media?parent=2634"}],"wp:term":[{"taxonomy":"category","embeddable":true,"href":"https:\/\/www3.unicentro.br\/cedeteg\/wp-json\/wp\/v2\/categories?post=2634"},{"taxonomy":"post_tag","embeddable":true,"href":"https:\/\/www3.unicentro.br\/cedeteg\/wp-json\/wp\/v2\/tags?post=2634"}],"curies":[{"name":"wp","href":"https:\/\/api.w.org\/{rel}","templated":true}]}}