{"id":2564,"date":"2023-05-18T15:17:28","date_gmt":"2023-05-18T18:17:28","guid":{"rendered":"https:\/\/www3.unicentro.br\/cedeteg\/?p=2564"},"modified":"2023-05-18T15:17:28","modified_gmt":"2023-05-18T18:17:28","slug":"unicentro-recepciona-os-novos-estudantes-dos-cursos-ofertados-no-cedeteg-2","status":"publish","type":"post","link":"https:\/\/www3.unicentro.br\/cedeteg\/2023\/05\/18\/unicentro-recepciona-os-novos-estudantes-dos-cursos-ofertados-no-cedeteg-2\/","title":{"rendered":"Unicentro recepciona os novos estudantes dos cursos ofertados no Cedeteg"},"content":{"rendered":"<p style=\"text-align: justify\">Nesta quarta-feira (17), a Reitoria da Unicentro e a Dire\u00e7\u00e3o do C\u00e2mpus Cedeteg realizaram a recep\u00e7\u00e3o dos calouros para o ano letivo de 2023. Em quatro apresenta\u00e7\u00f5es, de manh\u00e3 ao in\u00edcio da noite, o Audit\u00f3rio do PDE recebeu os novos acad\u00eamicos de 19 cursos matutinos, integrais e noturnos. A iniciativa, que j\u00e1 virou tradi\u00e7\u00e3o na universidade, busca recepcionar a todos os estudantes levando informa\u00e7\u00f5es necess\u00e1rias durante a gradua\u00e7\u00e3o e demonstrar a gama de servi\u00e7os prestados pela Unicentro.<\/p>\n<p style=\"text-align: justify\">\u201cJ\u00e1 \u00e9 uma tradi\u00e7\u00e3o na nossa institui\u00e7\u00e3o a recep\u00e7\u00e3o dos novos estudantes. A recep\u00e7\u00e3o dos estudantes \u00e9 para que eles conhe\u00e7am, al\u00e9m da sala de aula, al\u00e9m das atividades do seu curso em si, outras atividades que a gente tamb\u00e9m oferece para a forma\u00e7\u00e3o complementar do nosso estudante, do nosso futuro profissional. Essa recep\u00e7\u00e3o serve para dar as boas-vindas, para que eles tenham uma no\u00e7\u00e3o da estrutura da universidade, que eles conhe\u00e7am os reitores, os diretores, enfim os gestores da universidade e tamb\u00e9m mostrar a eles que a universidade est\u00e1 de portas abertas, que sugest\u00f5es, demanda s\u00e3o sempre bem-vindas e que essa \u00e9 a universidade p\u00fablica\u201d, declarou o reitor da Unicentro, professor F\u00e1bio Hernandes.<\/p>\n<p style=\"text-align: justify\">De forma pr\u00e1tica, os acad\u00eamicos receberam informa\u00e7\u00f5es importantes para o seu desenvolvimento profissional e pessoal na Unicentro e foram apresentados \u00e0 rotina da universidade, gama de servi\u00e7os dispon\u00edveis e possibilidades de atividades. \u201cFoi muito legal, a recep\u00e7\u00e3o \u00e9 muito carinhosa, todos os professores s\u00e3o muito atenciosos. Desde anteontem, ontem e hoje est\u00e1 tudo sendo muito legal, tudo muito bem trabalhado e muito bom.Eu gostei muito de tudo por aqui, \u00e9 um ambiente muito agrad\u00e1vel, revele o frio, mas por aqui tudo \u00e9 muito bonito, a paisagem, as \u00e1rvores, a natureza, tudo \u00e9 muito legal\u201d, contou Lucas Eduardo Stadler Cordeiro, de 18 anos, e que acabou de ingressar no curso de Qu\u00edmica Bacharelado.<\/p>\n<p style=\"text-align: justify\">Nada melhor do que iniciar essa nova etapa conhecendo e sendo bem recebido em sua nova casa. Mais do que participar das aulas, os acad\u00eamicos podem viver a universidade em atividades extracurriculares, como est\u00e1gios, oficinas, pr\u00e1ticas esportivas e muito mais.<br \/>\n\u201cEu gostei de todos, mas o que mais me chamou aten\u00e7\u00e3o foram as inicia\u00e7\u00f5es, que parecem ser bem legais e promovem a gente, melhoram a gente para um curr\u00edculo futuro. Eu fiquei sabendo da maioria dos programas que est\u00e3o sendo trabalhados aqui, como as IC (Inicia\u00e7\u00e3o Cient\u00edfica) e o PET (Programa de Educa\u00e7\u00e3o Tutorial), que eu pretendo ir atr\u00e1s, que \u00e9 uma coisa muito boa para os alunos\u201d, comentou Lucas Stadler.<\/p>\n<p style=\"text-align: justify\">Ao longo desta semana, todos os departamentos pedag\u00f3gicos prepararam programa\u00e7\u00f5es especiais para a acolhida dos novos acad\u00eamicos, que envolviam visitas guiadas, palestras, e confraterniza\u00e7\u00f5es. Para o diretor do C\u00e2mpus Cedeteg, Ricardo Yoshimitsu Miyahara, o foco \u00e9 a forma\u00e7\u00e3o dos alunos e que eles possam viver de maneira plena tudo que a universidade oferece. \u201cA gente mostra um pouquinho dos n\u00fameros da universidade, quais os programas que a universidade oferece, as atividades extracurriculares ou atividades de extens\u00e3o e cultura que eles podem participar para eles poderem viver a universidade. Isso faz com que os alunos tenham mais vontade de permanecer na universidade, n\u00e3o s\u00f3 virem participar das suas aulas na sala de aula e esquecer que a universidade tem muitas outras atividades para serem ofertadas para eles\u201d, disse o professor.<\/p>\n<p style=\"text-align: justify\">Com mais de 100 hectares, mais de 100 edifica\u00e7\u00f5es, natureza exuberante e muitas oportunidades, o C\u00e2mpus Cedeteg \u00e9 uma verdadeira \u201ccidade universit\u00e1ria\u201d por onde circulam diariamente em torno de 3,5 mil pessoas. Para o vice-reitor da Unicentro, Ademir Juracy Fanfa Ribas esse \u00e9 o momento de aproveitar estas oportunidades e alcan\u00e7ar seus objetivos. \u201cOs anos de universidade s\u00e3o anos muito motivadores porque a idade \u00e9 legal, a vontade, a expectativa e aproveitar as oportunidades &#8211; talvez seja o termo importante. Ent\u00e3o que cada aluno que esteja na Unicentro, que esteja aqui no C\u00e2mpus Cedeteg, possa aproveitar as oportunidades que o c\u00e2mpus oferece. O c\u00e2mpus oferece muitas oportunidades, al\u00e9m da sala de aula, as atividades do contraturno, os projetos de extens\u00e3o, de pesquisas, as cl\u00ednicas, o CDR (Complexo Desportivo Recreativo), que possam viver intensamente a universidade porque esse momento \u00e9 muito importante\u201d.<\/p>\n<p>&nbsp;<\/p>\n<p>Confira as fotos da apresenta\u00e7\u00f5es no <a href=\"https:\/\/www3.unicentro.br\/noticias\/banco-de-imagens\/\" target=\"_blank\" rel=\"noopener\">Banco de Imagens da Unicentro<\/a>.<\/p>\n","protected":false},"excerpt":{"rendered":"<p>Nesta quarta-feira (17), a Reitoria da Unicentro e a Dire\u00e7\u00e3o do C\u00e2mpus Cedeteg realizaram a recep\u00e7\u00e3o dos calouros para o ano letivo de 2023. Em quatro apresenta\u00e7\u00f5es, de manh\u00e3 ao in\u00edcio da noite, o Audit\u00f3rio do PDE recebeu os novos acad\u00eamicos de 19 cursos matutinos, integrais e noturnos. A iniciativa, que j\u00e1 virou tradi\u00e7\u00e3o na [&hellip;]<\/p>\n","protected":false},"author":9,"featured_media":2565,"comment_status":"open","ping_status":"open","sticky":false,"template":"","format":"standard","meta":{"_exactmetrics_skip_tracking":false,"_exactmetrics_sitenote_active":false,"_exactmetrics_sitenote_note":"","_exactmetrics_sitenote_category":0,"fifu_image_url":"","fifu_image_alt":"","footnotes":"","_links_to":"","_links_to_target":""},"categories":[8],"tags":[],"class_list":["post-2564","post","type-post","status-publish","format-standard","has-post-thumbnail","hentry","category-noticias"],"_links":{"self":[{"href":"https:\/\/www3.unicentro.br\/cedeteg\/wp-json\/wp\/v2\/posts\/2564","targetHints":{"allow":["GET"]}}],"collection":[{"href":"https:\/\/www3.unicentro.br\/cedeteg\/wp-json\/wp\/v2\/posts"}],"about":[{"href":"https:\/\/www3.unicentro.br\/cedeteg\/wp-json\/wp\/v2\/types\/post"}],"author":[{"embeddable":true,"href":"https:\/\/www3.unicentro.br\/cedeteg\/wp-json\/wp\/v2\/users\/9"}],"replies":[{"embeddable":true,"href":"https:\/\/www3.unicentro.br\/cedeteg\/wp-json\/wp\/v2\/comments?post=2564"}],"version-history":[{"count":0,"href":"https:\/\/www3.unicentro.br\/cedeteg\/wp-json\/wp\/v2\/posts\/2564\/revisions"}],"wp:featuredmedia":[{"embeddable":true,"href":"https:\/\/www3.unicentro.br\/cedeteg\/wp-json\/wp\/v2\/media\/2565"}],"wp:attachment":[{"href":"https:\/\/www3.unicentro.br\/cedeteg\/wp-json\/wp\/v2\/media?parent=2564"}],"wp:term":[{"taxonomy":"category","embeddable":true,"href":"https:\/\/www3.unicentro.br\/cedeteg\/wp-json\/wp\/v2\/categories?post=2564"},{"taxonomy":"post_tag","embeddable":true,"href":"https:\/\/www3.unicentro.br\/cedeteg\/wp-json\/wp\/v2\/tags?post=2564"}],"curies":[{"name":"wp","href":"https:\/\/api.w.org\/{rel}","templated":true}]}}