{"id":2471,"date":"2023-05-09T16:49:07","date_gmt":"2023-05-09T19:49:07","guid":{"rendered":"https:\/\/www3.unicentro.br\/cedeteg\/?p=2471"},"modified":"2023-05-09T17:10:05","modified_gmt":"2023-05-09T20:10:05","slug":"cedeteg-realiza-colacao-de-grau-em-separado-para-17-academicos-2","status":"publish","type":"post","link":"https:\/\/www3.unicentro.br\/cedeteg\/2023\/05\/09\/cedeteg-realiza-colacao-de-grau-em-separado-para-17-academicos-2\/","title":{"rendered":"Cedeteg realiza cola\u00e7\u00e3o de grau em separado para 12 acad\u00eamicos"},"content":{"rendered":"<p>Na tarde desta ter\u00e7a-feira (9), a Dire\u00e7\u00e3o do C\u00e2mpus Cedeteg da Unicentro realizou mais uma cerim\u00f4nia de cola\u00e7\u00e3o de grau de formandos que optaram pela cerim\u00f4nia em separado, no Audit\u00f3rio do PDE.<\/p>\n<p>Ao todo, 12 acad\u00eamicos dos cursos de Ci\u00eancias da Computa\u00e7\u00e3o, Farm\u00e1cia, Fisioterapia, Medicina Veterin\u00e1ria e Nutri\u00e7\u00e3o solicitaram a outorga de grau nesta modalidade, pois necessitam do diploma para registros profissionais, matr\u00edculas em p\u00f3s-gradua\u00e7\u00e3o e nomea\u00e7\u00f5es.<\/p>\n<div class=\"wp-block-image\"><a href=\"https:\/\/www3.unicentro.br\/cedeteg\/wp-content\/uploads\/sites\/91\/2023\/05\/WhatsApp-Image-2023-05-09-at-16.09.16-1.jpeg\"><img loading=\"lazy\" decoding=\"async\" class=\"alignleft wp-image-2474 size-medium\" src=\"https:\/\/www3.unicentro.br\/cedeteg\/wp-content\/uploads\/sites\/91\/2023\/05\/WhatsApp-Image-2023-05-09-at-16.09.16-1-300x225.jpeg\" alt=\"\" width=\"300\" height=\"225\" srcset=\"https:\/\/www3.unicentro.br\/cedeteg\/wp-content\/uploads\/sites\/91\/2023\/05\/WhatsApp-Image-2023-05-09-at-16.09.16-1-300x225.jpeg 300w, https:\/\/www3.unicentro.br\/cedeteg\/wp-content\/uploads\/sites\/91\/2023\/05\/WhatsApp-Image-2023-05-09-at-16.09.16-1-1024x768.jpeg 1024w, https:\/\/www3.unicentro.br\/cedeteg\/wp-content\/uploads\/sites\/91\/2023\/05\/WhatsApp-Image-2023-05-09-at-16.09.16-1-768x576.jpeg 768w, https:\/\/www3.unicentro.br\/cedeteg\/wp-content\/uploads\/sites\/91\/2023\/05\/WhatsApp-Image-2023-05-09-at-16.09.16-1-1536x1152.jpeg 1536w, https:\/\/www3.unicentro.br\/cedeteg\/wp-content\/uploads\/sites\/91\/2023\/05\/WhatsApp-Image-2023-05-09-at-16.09.16-1-400x300.jpeg 400w, https:\/\/www3.unicentro.br\/cedeteg\/wp-content\/uploads\/sites\/91\/2023\/05\/WhatsApp-Image-2023-05-09-at-16.09.16-1-800x600.jpeg 800w, https:\/\/www3.unicentro.br\/cedeteg\/wp-content\/uploads\/sites\/91\/2023\/05\/WhatsApp-Image-2023-05-09-at-16.09.16-1-1200x900.jpeg 1200w, https:\/\/www3.unicentro.br\/cedeteg\/wp-content\/uploads\/sites\/91\/2023\/05\/WhatsApp-Image-2023-05-09-at-16.09.16-1-255x191.jpeg 255w, https:\/\/www3.unicentro.br\/cedeteg\/wp-content\/uploads\/sites\/91\/2023\/05\/WhatsApp-Image-2023-05-09-at-16.09.16-1.jpeg 1600w\" sizes=\"auto, (max-width: 300px) 100vw, 300px\" \/><\/a><\/div>\n<div class=\"wp-block-image\"><a href=\"https:\/\/www3.unicentro.br\/cedeteg\/wp-content\/uploads\/sites\/91\/2023\/05\/WhatsApp-Image-2023-05-09-at-16.09.16.jpeg\"><img loading=\"lazy\" decoding=\"async\" class=\"alignleft wp-image-2473 size-medium\" src=\"https:\/\/www3.unicentro.br\/cedeteg\/wp-content\/uploads\/sites\/91\/2023\/05\/WhatsApp-Image-2023-05-09-at-16.09.16-225x300.jpeg\" alt=\"\" width=\"225\" height=\"300\" srcset=\"https:\/\/www3.unicentro.br\/cedeteg\/wp-content\/uploads\/sites\/91\/2023\/05\/WhatsApp-Image-2023-05-09-at-16.09.16-225x300.jpeg 225w, https:\/\/www3.unicentro.br\/cedeteg\/wp-content\/uploads\/sites\/91\/2023\/05\/WhatsApp-Image-2023-05-09-at-16.09.16-768x1024.jpeg 768w, https:\/\/www3.unicentro.br\/cedeteg\/wp-content\/uploads\/sites\/91\/2023\/05\/WhatsApp-Image-2023-05-09-at-16.09.16-255x340.jpeg 255w, https:\/\/www3.unicentro.br\/cedeteg\/wp-content\/uploads\/sites\/91\/2023\/05\/WhatsApp-Image-2023-05-09-at-16.09.16.jpeg 900w\" sizes=\"auto, (max-width: 225px) 100vw, 225px\" \/><\/a><\/div>\n<div class=\"wp-block-image\"><a href=\"https:\/\/www3.unicentro.br\/cedeteg\/wp-content\/uploads\/sites\/91\/2023\/05\/WhatsApp-Image-2023-05-09-at-16.09.15.jpeg\"><img loading=\"lazy\" decoding=\"async\" class=\"alignleft wp-image-2472 size-medium\" src=\"https:\/\/www3.unicentro.br\/cedeteg\/wp-content\/uploads\/sites\/91\/2023\/05\/WhatsApp-Image-2023-05-09-at-16.09.15-225x300.jpeg\" alt=\"\" width=\"225\" height=\"300\" srcset=\"https:\/\/www3.unicentro.br\/cedeteg\/wp-content\/uploads\/sites\/91\/2023\/05\/WhatsApp-Image-2023-05-09-at-16.09.15-225x300.jpeg 225w, https:\/\/www3.unicentro.br\/cedeteg\/wp-content\/uploads\/sites\/91\/2023\/05\/WhatsApp-Image-2023-05-09-at-16.09.15-768x1024.jpeg 768w, https:\/\/www3.unicentro.br\/cedeteg\/wp-content\/uploads\/sites\/91\/2023\/05\/WhatsApp-Image-2023-05-09-at-16.09.15-255x340.jpeg 255w, https:\/\/www3.unicentro.br\/cedeteg\/wp-content\/uploads\/sites\/91\/2023\/05\/WhatsApp-Image-2023-05-09-at-16.09.15.jpeg 900w\" sizes=\"auto, (max-width: 225px) 100vw, 225px\" \/><\/a><\/div>\n","protected":false},"excerpt":{"rendered":"<p>Na tarde desta ter\u00e7a-feira (9), a Dire\u00e7\u00e3o do C\u00e2mpus Cedeteg da Unicentro realizou mais uma cerim\u00f4nia de cola\u00e7\u00e3o de grau de formandos que optaram pela cerim\u00f4nia em separado, no Audit\u00f3rio do PDE. Ao todo, 12 acad\u00eamicos dos cursos de Ci\u00eancias da Computa\u00e7\u00e3o, Farm\u00e1cia, Fisioterapia, Medicina Veterin\u00e1ria e Nutri\u00e7\u00e3o solicitaram a outorga de grau nesta modalidade, [&hellip;]<\/p>\n","protected":false},"author":9,"featured_media":2475,"comment_status":"open","ping_status":"open","sticky":false,"template":"","format":"standard","meta":{"_exactmetrics_skip_tracking":false,"_exactmetrics_sitenote_active":false,"_exactmetrics_sitenote_note":"","_exactmetrics_sitenote_category":0,"fifu_image_url":"","fifu_image_alt":"","footnotes":"","_links_to":"","_links_to_target":""},"categories":[8],"tags":[],"class_list":["post-2471","post","type-post","status-publish","format-standard","has-post-thumbnail","hentry","category-noticias"],"_links":{"self":[{"href":"https:\/\/www3.unicentro.br\/cedeteg\/wp-json\/wp\/v2\/posts\/2471","targetHints":{"allow":["GET"]}}],"collection":[{"href":"https:\/\/www3.unicentro.br\/cedeteg\/wp-json\/wp\/v2\/posts"}],"about":[{"href":"https:\/\/www3.unicentro.br\/cedeteg\/wp-json\/wp\/v2\/types\/post"}],"author":[{"embeddable":true,"href":"https:\/\/www3.unicentro.br\/cedeteg\/wp-json\/wp\/v2\/users\/9"}],"replies":[{"embeddable":true,"href":"https:\/\/www3.unicentro.br\/cedeteg\/wp-json\/wp\/v2\/comments?post=2471"}],"version-history":[{"count":0,"href":"https:\/\/www3.unicentro.br\/cedeteg\/wp-json\/wp\/v2\/posts\/2471\/revisions"}],"wp:featuredmedia":[{"embeddable":true,"href":"https:\/\/www3.unicentro.br\/cedeteg\/wp-json\/wp\/v2\/media\/2475"}],"wp:attachment":[{"href":"https:\/\/www3.unicentro.br\/cedeteg\/wp-json\/wp\/v2\/media?parent=2471"}],"wp:term":[{"taxonomy":"category","embeddable":true,"href":"https:\/\/www3.unicentro.br\/cedeteg\/wp-json\/wp\/v2\/categories?post=2471"},{"taxonomy":"post_tag","embeddable":true,"href":"https:\/\/www3.unicentro.br\/cedeteg\/wp-json\/wp\/v2\/tags?post=2471"}],"curies":[{"name":"wp","href":"https:\/\/api.w.org\/{rel}","templated":true}]}}