{"id":2459,"date":"2023-05-04T14:59:33","date_gmt":"2023-05-04T17:59:33","guid":{"rendered":"https:\/\/www3.unicentro.br\/cedeteg\/?p=2459"},"modified":"2023-05-04T14:59:33","modified_gmt":"2023-05-04T17:59:33","slug":"cedeteg-realiza-colacao-de-grau-em-separado-para-17-academicos","status":"publish","type":"post","link":"https:\/\/www3.unicentro.br\/cedeteg\/2023\/05\/04\/cedeteg-realiza-colacao-de-grau-em-separado-para-17-academicos\/","title":{"rendered":"Cedeteg realiza cola\u00e7\u00e3o de grau em separado para 17 acad\u00eamicos"},"content":{"rendered":"<p>Na manh\u00e3 desta quinta-feira (4), a Dire\u00e7\u00e3o do C\u00e2mpus Cedeteg da Unicentro realizou mais uma cerim\u00f4nia de cola\u00e7\u00e3o de grau de formandos que optaram pela cerim\u00f4nia em separado, no Audit\u00f3rio do PDE. Ao todo, 17 acad\u00eamicos dos cursos de Agronomia, Ci\u00eancias Biol\u00f3gicas (Licenciatura e Bacharelado), Educa\u00e7\u00e3o F\u00edsica, Farm\u00e1cia, Fisioterapia, Qu\u00edmica (Licenciatura e Bacharelado) e Medicina Veterin\u00e1ria solicitaram a outorga de grau nesta modalidade, pois necessitam do diploma para registros profissionais, matr\u00edculas em p\u00f3s-gradua\u00e7\u00e3o e nomea\u00e7\u00f5es.<\/p>\n<p>&nbsp;<\/p>\n<div class=\"wp-block-image\" style=\"text-align: left\"><\/div>\n<div class=\"wp-block-image\"><a href=\"https:\/\/www3.unicentro.br\/cedeteg\/wp-content\/uploads\/sites\/91\/2023\/05\/Colacao-em-separado-2.jpeg\"><img loading=\"lazy\" decoding=\"async\" class=\"alignleft wp-image-2461 size-medium\" src=\"https:\/\/www3.unicentro.br\/cedeteg\/wp-content\/uploads\/sites\/91\/2023\/05\/Colacao-em-separado-2-300x225.jpeg\" alt=\"\" width=\"300\" height=\"225\" srcset=\"https:\/\/www3.unicentro.br\/cedeteg\/wp-content\/uploads\/sites\/91\/2023\/05\/Colacao-em-separado-2-300x225.jpeg 300w, https:\/\/www3.unicentro.br\/cedeteg\/wp-content\/uploads\/sites\/91\/2023\/05\/Colacao-em-separado-2-1024x768.jpeg 1024w, https:\/\/www3.unicentro.br\/cedeteg\/wp-content\/uploads\/sites\/91\/2023\/05\/Colacao-em-separado-2-768x576.jpeg 768w, https:\/\/www3.unicentro.br\/cedeteg\/wp-content\/uploads\/sites\/91\/2023\/05\/Colacao-em-separado-2-400x300.jpeg 400w, https:\/\/www3.unicentro.br\/cedeteg\/wp-content\/uploads\/sites\/91\/2023\/05\/Colacao-em-separado-2-800x600.jpeg 800w, https:\/\/www3.unicentro.br\/cedeteg\/wp-content\/uploads\/sites\/91\/2023\/05\/Colacao-em-separado-2-1200x900.jpeg 1200w, https:\/\/www3.unicentro.br\/cedeteg\/wp-content\/uploads\/sites\/91\/2023\/05\/Colacao-em-separado-2-255x191.jpeg 255w, https:\/\/www3.unicentro.br\/cedeteg\/wp-content\/uploads\/sites\/91\/2023\/05\/Colacao-em-separado-2.jpeg 1280w\" sizes=\"auto, (max-width: 300px) 100vw, 300px\" \/><\/a><\/div>\n<div class=\"wp-block-image\"><a href=\"https:\/\/www3.unicentro.br\/cedeteg\/wp-content\/uploads\/sites\/91\/2023\/05\/Colacao-em-separado-3.jpeg\"><img loading=\"lazy\" decoding=\"async\" class=\"alignleft wp-image-2462 size-medium\" src=\"https:\/\/www3.unicentro.br\/cedeteg\/wp-content\/uploads\/sites\/91\/2023\/05\/Colacao-em-separado-3-300x225.jpeg\" alt=\"\" width=\"300\" height=\"225\" srcset=\"https:\/\/www3.unicentro.br\/cedeteg\/wp-content\/uploads\/sites\/91\/2023\/05\/Colacao-em-separado-3-300x225.jpeg 300w, https:\/\/www3.unicentro.br\/cedeteg\/wp-content\/uploads\/sites\/91\/2023\/05\/Colacao-em-separado-3-1024x768.jpeg 1024w, https:\/\/www3.unicentro.br\/cedeteg\/wp-content\/uploads\/sites\/91\/2023\/05\/Colacao-em-separado-3-768x576.jpeg 768w, https:\/\/www3.unicentro.br\/cedeteg\/wp-content\/uploads\/sites\/91\/2023\/05\/Colacao-em-separado-3-400x300.jpeg 400w, https:\/\/www3.unicentro.br\/cedeteg\/wp-content\/uploads\/sites\/91\/2023\/05\/Colacao-em-separado-3-800x600.jpeg 800w, https:\/\/www3.unicentro.br\/cedeteg\/wp-content\/uploads\/sites\/91\/2023\/05\/Colacao-em-separado-3-1200x900.jpeg 1200w, https:\/\/www3.unicentro.br\/cedeteg\/wp-content\/uploads\/sites\/91\/2023\/05\/Colacao-em-separado-3-255x191.jpeg 255w, https:\/\/www3.unicentro.br\/cedeteg\/wp-content\/uploads\/sites\/91\/2023\/05\/Colacao-em-separado-3.jpeg 1280w\" sizes=\"auto, (max-width: 300px) 100vw, 300px\" \/><\/a><\/div>\n<div class=\"wp-block-image\"><a href=\"https:\/\/www3.unicentro.br\/cedeteg\/wp-content\/uploads\/sites\/91\/2023\/05\/WhatsApp-Image-2023-05-04-at-14.56.43.jpeg\"><img loading=\"lazy\" decoding=\"async\" class=\"alignleft wp-image-2463 size-medium\" src=\"https:\/\/www3.unicentro.br\/cedeteg\/wp-content\/uploads\/sites\/91\/2023\/05\/WhatsApp-Image-2023-05-04-at-14.56.43-281x300.jpeg\" alt=\"\" width=\"281\" height=\"300\" srcset=\"https:\/\/www3.unicentro.br\/cedeteg\/wp-content\/uploads\/sites\/91\/2023\/05\/WhatsApp-Image-2023-05-04-at-14.56.43-281x300.jpeg 281w, https:\/\/www3.unicentro.br\/cedeteg\/wp-content\/uploads\/sites\/91\/2023\/05\/WhatsApp-Image-2023-05-04-at-14.56.43-255x273.jpeg 255w, https:\/\/www3.unicentro.br\/cedeteg\/wp-content\/uploads\/sites\/91\/2023\/05\/WhatsApp-Image-2023-05-04-at-14.56.43.jpeg 763w\" sizes=\"auto, (max-width: 281px) 100vw, 281px\" \/><\/a><\/div>\n","protected":false},"excerpt":{"rendered":"<p>Na manh\u00e3 desta quinta-feira (4), a Dire\u00e7\u00e3o do C\u00e2mpus Cedeteg da Unicentro realizou mais uma cerim\u00f4nia de cola\u00e7\u00e3o de grau de formandos que optaram pela cerim\u00f4nia em separado, no Audit\u00f3rio do PDE. Ao todo, 17 acad\u00eamicos dos cursos de Agronomia, Ci\u00eancias Biol\u00f3gicas (Licenciatura e Bacharelado), Educa\u00e7\u00e3o F\u00edsica, Farm\u00e1cia, Fisioterapia, Qu\u00edmica (Licenciatura e Bacharelado) e Medicina [&hellip;]<\/p>\n","protected":false},"author":9,"featured_media":2463,"comment_status":"open","ping_status":"open","sticky":false,"template":"","format":"standard","meta":{"_exactmetrics_skip_tracking":false,"_exactmetrics_sitenote_active":false,"_exactmetrics_sitenote_note":"","_exactmetrics_sitenote_category":0,"fifu_image_url":"","fifu_image_alt":"","footnotes":"","_links_to":"","_links_to_target":""},"categories":[8],"tags":[],"class_list":["post-2459","post","type-post","status-publish","format-standard","has-post-thumbnail","hentry","category-noticias"],"_links":{"self":[{"href":"https:\/\/www3.unicentro.br\/cedeteg\/wp-json\/wp\/v2\/posts\/2459","targetHints":{"allow":["GET"]}}],"collection":[{"href":"https:\/\/www3.unicentro.br\/cedeteg\/wp-json\/wp\/v2\/posts"}],"about":[{"href":"https:\/\/www3.unicentro.br\/cedeteg\/wp-json\/wp\/v2\/types\/post"}],"author":[{"embeddable":true,"href":"https:\/\/www3.unicentro.br\/cedeteg\/wp-json\/wp\/v2\/users\/9"}],"replies":[{"embeddable":true,"href":"https:\/\/www3.unicentro.br\/cedeteg\/wp-json\/wp\/v2\/comments?post=2459"}],"version-history":[{"count":0,"href":"https:\/\/www3.unicentro.br\/cedeteg\/wp-json\/wp\/v2\/posts\/2459\/revisions"}],"wp:featuredmedia":[{"embeddable":true,"href":"https:\/\/www3.unicentro.br\/cedeteg\/wp-json\/wp\/v2\/media\/2463"}],"wp:attachment":[{"href":"https:\/\/www3.unicentro.br\/cedeteg\/wp-json\/wp\/v2\/media?parent=2459"}],"wp:term":[{"taxonomy":"category","embeddable":true,"href":"https:\/\/www3.unicentro.br\/cedeteg\/wp-json\/wp\/v2\/categories?post=2459"},{"taxonomy":"post_tag","embeddable":true,"href":"https:\/\/www3.unicentro.br\/cedeteg\/wp-json\/wp\/v2\/tags?post=2459"}],"curies":[{"name":"wp","href":"https:\/\/api.w.org\/{rel}","templated":true}]}}