{"id":2340,"date":"2023-03-17T20:42:46","date_gmt":"2023-03-17T23:42:46","guid":{"rendered":"https:\/\/www3.unicentro.br\/cedeteg\/?p=2340"},"modified":"2023-03-20T21:01:18","modified_gmt":"2023-03-21T00:01:18","slug":"novos-conselheiros-tomam-posse-no-conselho-administrativo-do-campus-cedeteg","status":"publish","type":"post","link":"https:\/\/www3.unicentro.br\/cedeteg\/2023\/03\/17\/novos-conselheiros-tomam-posse-no-conselho-administrativo-do-campus-cedeteg\/","title":{"rendered":"Novos conselheiros tomam posse no Conselho Administrativo do C\u00e2mpus Cedeteg"},"content":{"rendered":"<p style=\"text-align: justify\">Na \u00faltima quarta-feira (15), o Conselho Administrativo do C\u00e2mpus Cedeteg (Cadcam\/C), da Unicentro, deu posse a uma nova composi\u00e7\u00e3o de conselheiros para o per\u00edodo de 20 de fevereiro de 2023 a 19 de fevereiro de 2025.<\/p>\n<p style=\"text-align: justify\">Na primeira reuni\u00e3o desta nova forma\u00e7\u00e3o foram apreciados os relat\u00f3rios de atividades, referentes ao ano de 2022, da Cl\u00ednica Escola de Fisioterapia, Cl\u00ednica Escola Veterin\u00e1ria, Cl\u00ednica de \u00d3rtese e Pr\u00f3tese e do Ambulat\u00f3rio de Feridas, Complexo Desportivo e Recreativo e da Farm\u00e1cia Escola.<\/p>\n<p style=\"text-align: justify\">O conselho \u00e9 constitu\u00eddo por representantes da Dire\u00e7\u00e3o do C\u00e2mpus Cedeteg, dos docentes dos setores de conhecimento da universidade e dos agentes universit\u00e1rios.<\/p>\n<p style=\"text-align: justify\">Formam a nova composi\u00e7\u00e3o do conselho:<\/p>\n<p style=\"text-align: justify\">&#8211; Presidente: Ricardo Yoshimitsu Miyahara, diretor-geral do C\u00e2mpus Cedeteg;<\/p>\n<p style=\"text-align: justify\">&#8211; Aline Marques Gen\u00fa, vice-diretora-geral do C\u00e2mpus Cedeteg;<\/p>\n<p>&#8211; Adriana Knob, diretora do Setor de Ci\u00eancias Agr\u00e1rias e Ambientais<\/p>\n<p>&#8211; Luciene Regina Leineker, diretora do Setor de Ci\u00eancias Exatas de Tecnologia;<\/p>\n<p>&#8211; Angela Dubiela Julik, diretor do Setor de Ci\u00eancias da Sa\u00fade;<\/p>\n<p style=\"text-align: justify\">&#8211; Marcos Roberto Queiroga, representante docente do Setor de Ci\u00eancias da Sa\u00fade;<\/p>\n<p style=\"text-align: justify\">&#8211; Thiago Grando, representante docente do Setor de Ci\u00eancias Exatas de Tecnologia;<\/p>\n<p style=\"text-align: justify\">&#8211; Adenilsom dos Santos Lima, representante docente do Setor de Ci\u00eancias Agr\u00e1rias e Ambientais;<\/p>\n<p style=\"text-align: justify\">&#8211; Douglas Kais da Silva, representante dos agentes universit\u00e1rios.<\/p>\n<div class=\"wp-block-image\" style=\"text-align: left\"><img loading=\"lazy\" decoding=\"async\" class=\"size-medium wp-image-2342 alignleft\" src=\"https:\/\/www3.unicentro.br\/cedeteg\/wp-content\/uploads\/sites\/91\/2023\/03\/WhatsApp-Image-2023-03-17-at-09.36.28-225x300.jpeg\" alt=\"\" width=\"225\" height=\"300\" srcset=\"https:\/\/www3.unicentro.br\/cedeteg\/wp-content\/uploads\/sites\/91\/2023\/03\/WhatsApp-Image-2023-03-17-at-09.36.28-225x300.jpeg 225w, https:\/\/www3.unicentro.br\/cedeteg\/wp-content\/uploads\/sites\/91\/2023\/03\/WhatsApp-Image-2023-03-17-at-09.36.28-768x1024.jpeg 768w, https:\/\/www3.unicentro.br\/cedeteg\/wp-content\/uploads\/sites\/91\/2023\/03\/WhatsApp-Image-2023-03-17-at-09.36.28-255x340.jpeg 255w, https:\/\/www3.unicentro.br\/cedeteg\/wp-content\/uploads\/sites\/91\/2023\/03\/WhatsApp-Image-2023-03-17-at-09.36.28.jpeg 900w\" sizes=\"auto, (max-width: 225px) 100vw, 225px\" \/><\/div>\n<div class=\"wp-block-image\" style=\"text-align: left\"><img loading=\"lazy\" decoding=\"async\" class=\"size-medium wp-image-2343 alignleft\" src=\"https:\/\/www3.unicentro.br\/cedeteg\/wp-content\/uploads\/sites\/91\/2023\/03\/WhatsApp-Image-2023-03-17-at-09.36.29-225x300.jpeg\" alt=\"\" width=\"225\" height=\"300\" srcset=\"https:\/\/www3.unicentro.br\/cedeteg\/wp-content\/uploads\/sites\/91\/2023\/03\/WhatsApp-Image-2023-03-17-at-09.36.29-225x300.jpeg 225w, https:\/\/www3.unicentro.br\/cedeteg\/wp-content\/uploads\/sites\/91\/2023\/03\/WhatsApp-Image-2023-03-17-at-09.36.29-768x1024.jpeg 768w, https:\/\/www3.unicentro.br\/cedeteg\/wp-content\/uploads\/sites\/91\/2023\/03\/WhatsApp-Image-2023-03-17-at-09.36.29-255x340.jpeg 255w, https:\/\/www3.unicentro.br\/cedeteg\/wp-content\/uploads\/sites\/91\/2023\/03\/WhatsApp-Image-2023-03-17-at-09.36.29.jpeg 900w\" sizes=\"auto, (max-width: 225px) 100vw, 225px\" \/><\/div>\n<div class=\"wp-block-image\" style=\"text-align: left\"><img loading=\"lazy\" decoding=\"async\" class=\"size-medium wp-image-2344 alignleft\" src=\"https:\/\/www3.unicentro.br\/cedeteg\/wp-content\/uploads\/sites\/91\/2023\/03\/WhatsApp-Image-2023-03-17-at-09.36.30-225x300.jpeg\" alt=\"\" width=\"225\" height=\"300\" srcset=\"https:\/\/www3.unicentro.br\/cedeteg\/wp-content\/uploads\/sites\/91\/2023\/03\/WhatsApp-Image-2023-03-17-at-09.36.30-225x300.jpeg 225w, https:\/\/www3.unicentro.br\/cedeteg\/wp-content\/uploads\/sites\/91\/2023\/03\/WhatsApp-Image-2023-03-17-at-09.36.30-768x1024.jpeg 768w, https:\/\/www3.unicentro.br\/cedeteg\/wp-content\/uploads\/sites\/91\/2023\/03\/WhatsApp-Image-2023-03-17-at-09.36.30-255x340.jpeg 255w, https:\/\/www3.unicentro.br\/cedeteg\/wp-content\/uploads\/sites\/91\/2023\/03\/WhatsApp-Image-2023-03-17-at-09.36.30.jpeg 900w\" sizes=\"auto, (max-width: 225px) 100vw, 225px\" \/><\/div>\n<div class=\"wp-block-image\"><img loading=\"lazy\" decoding=\"async\" class=\"size-medium wp-image-2345 alignleft\" src=\"https:\/\/www3.unicentro.br\/cedeteg\/wp-content\/uploads\/sites\/91\/2023\/03\/WhatsApp-Image-2023-03-17-at-09.36.32-225x300.jpeg\" alt=\"\" width=\"225\" height=\"300\" srcset=\"https:\/\/www3.unicentro.br\/cedeteg\/wp-content\/uploads\/sites\/91\/2023\/03\/WhatsApp-Image-2023-03-17-at-09.36.32-225x300.jpeg 225w, https:\/\/www3.unicentro.br\/cedeteg\/wp-content\/uploads\/sites\/91\/2023\/03\/WhatsApp-Image-2023-03-17-at-09.36.32-768x1024.jpeg 768w, https:\/\/www3.unicentro.br\/cedeteg\/wp-content\/uploads\/sites\/91\/2023\/03\/WhatsApp-Image-2023-03-17-at-09.36.32-255x340.jpeg 255w, https:\/\/www3.unicentro.br\/cedeteg\/wp-content\/uploads\/sites\/91\/2023\/03\/WhatsApp-Image-2023-03-17-at-09.36.32.jpeg 900w\" sizes=\"auto, (max-width: 225px) 100vw, 225px\" \/><\/div>\n","protected":false},"excerpt":{"rendered":"<p>Na \u00faltima quarta-feira (15), o Conselho Administrativo do C\u00e2mpus Cedeteg (Cadcam\/C), da Unicentro, deu posse a uma nova composi\u00e7\u00e3o de conselheiros para o per\u00edodo de 20 de fevereiro de 2023 a 19 de fevereiro de 2025. Na primeira reuni\u00e3o desta nova forma\u00e7\u00e3o foram apreciados os relat\u00f3rios de atividades, referentes ao ano de 2022, da Cl\u00ednica [&hellip;]<\/p>\n","protected":false},"author":9,"featured_media":2341,"comment_status":"open","ping_status":"open","sticky":false,"template":"","format":"standard","meta":{"_exactmetrics_skip_tracking":false,"_exactmetrics_sitenote_active":false,"_exactmetrics_sitenote_note":"","_exactmetrics_sitenote_category":0,"fifu_image_url":"","fifu_image_alt":"","footnotes":"","_links_to":"","_links_to_target":""},"categories":[8],"tags":[],"class_list":["post-2340","post","type-post","status-publish","format-standard","has-post-thumbnail","hentry","category-noticias"],"_links":{"self":[{"href":"https:\/\/www3.unicentro.br\/cedeteg\/wp-json\/wp\/v2\/posts\/2340","targetHints":{"allow":["GET"]}}],"collection":[{"href":"https:\/\/www3.unicentro.br\/cedeteg\/wp-json\/wp\/v2\/posts"}],"about":[{"href":"https:\/\/www3.unicentro.br\/cedeteg\/wp-json\/wp\/v2\/types\/post"}],"author":[{"embeddable":true,"href":"https:\/\/www3.unicentro.br\/cedeteg\/wp-json\/wp\/v2\/users\/9"}],"replies":[{"embeddable":true,"href":"https:\/\/www3.unicentro.br\/cedeteg\/wp-json\/wp\/v2\/comments?post=2340"}],"version-history":[{"count":0,"href":"https:\/\/www3.unicentro.br\/cedeteg\/wp-json\/wp\/v2\/posts\/2340\/revisions"}],"wp:featuredmedia":[{"embeddable":true,"href":"https:\/\/www3.unicentro.br\/cedeteg\/wp-json\/wp\/v2\/media\/2341"}],"wp:attachment":[{"href":"https:\/\/www3.unicentro.br\/cedeteg\/wp-json\/wp\/v2\/media?parent=2340"}],"wp:term":[{"taxonomy":"category","embeddable":true,"href":"https:\/\/www3.unicentro.br\/cedeteg\/wp-json\/wp\/v2\/categories?post=2340"},{"taxonomy":"post_tag","embeddable":true,"href":"https:\/\/www3.unicentro.br\/cedeteg\/wp-json\/wp\/v2\/tags?post=2340"}],"curies":[{"name":"wp","href":"https:\/\/api.w.org\/{rel}","templated":true}]}}