{"id":2336,"date":"2023-03-15T19:47:12","date_gmt":"2023-03-15T22:47:12","guid":{"rendered":"https:\/\/www3.unicentro.br\/cedeteg\/?p=2336"},"modified":"2023-03-20T20:27:32","modified_gmt":"2023-03-20T23:27:32","slug":"novos-conselheiros-tomam-posse-no-conselho-deliberativo-da-fazenda-escola","status":"publish","type":"post","link":"https:\/\/www3.unicentro.br\/cedeteg\/2023\/03\/15\/novos-conselheiros-tomam-posse-no-conselho-deliberativo-da-fazenda-escola\/","title":{"rendered":"Novos conselheiros tomam posse no Conselho Deliberativo da Fazenda Escola"},"content":{"rendered":"<p style=\"text-align: justify\">Na \u00faltima sexta-feira (10), o Conselho Deliberativo da Fazenda Escola (Confazesc) da Unicentro deu posse a uma nova composi\u00e7\u00e3o de conselheiros para o per\u00edodo de 1\u00ba de fevereiro de 2023 a 31 de janeiro de 2024. Constitu\u00eddo por representantes da Dire\u00e7\u00e3o do C\u00e2mpus Cedeteg, dos departamentos de gradua\u00e7\u00e3o e p\u00f3s-gradua\u00e7\u00e3o das \u00e1reas de Ci\u00eancias Veterin\u00e1rias e Agronomia, da Extens\u00e3o da universidade e da comunidade discente.<\/p>\n<p style=\"text-align: justify\">Nova membro do conselho, a vice-diretora do C\u00e2mpus Cedeteg, Aline Marques Gen\u00fa, ficar\u00e1 respons\u00e1vel pela fiscaliza\u00e7\u00e3o dos termos de coopera\u00e7\u00e3o e conv\u00eanios que envolvam a Fazenda Escola da Unicentro. &#8220;Eu sou fiscal do contrato, deste contrato FAU (Funda\u00e7\u00e3o de Apoio ao Desenvolvimento da Unicentro) e Fazenda Escola, ent\u00e3o \u00e9 minha fun\u00e7\u00e3o verificar essa din\u00e2mica das necessidades da Fazenda Escola, se o contrato est\u00e1 sendo realizado de forma a contento de tudo que est\u00e1 escrito nas atividades dentro do contrato. A ideia \u00e9 que a gente consiga ter dinheiro em caixa e promover o desenvolvimento, cada vez maior, das atividades e da infraestrutura dentro da Fazenda Escola, melhorar as condi\u00e7\u00f5es de trabalho para quem vai para l\u00e1&#8221;, declarou.<\/p>\n<p style=\"text-align: justify\">Formam a nova composi\u00e7\u00e3o do conselho:<\/p>\n<p style=\"text-align: justify\">&#8211; Presidente: Ricardo Yoshimitsu Miyahara, diretor-geral do C\u00e2mpus Cedeteg;<\/p>\n<p style=\"text-align: justify\">&#8211; Aline Marques Gen\u00fa, vice-diretora-geral do C\u00e2mpus Cedeteg e fiscal dos termos de coopera\u00e7\u00e3o e\/ou conv\u00eanios;<\/p>\n<p style=\"text-align: justify\">&#8211; Marcelo Cruz Mendes, coordenador administrativo da Fazenda Escola;<\/p>\n<p style=\"text-align: justify\">&#8211; Luiz Gonzaga Pego de Macedo, representante do Departamento de Medicina Veterin\u00e1ria;<\/p>\n<p style=\"text-align: justify\">&#8211; Edson Perez Guerra, representante do Departamento de Agronomia;<\/p>\n<p style=\"text-align: justify\">&#8211; Cleber Daniel de Goes Maciel, representante do Programa de P\u00f3s-Gradua\u00e7\u00e3o em Agronomia;<\/p>\n<p style=\"text-align: justify\">&#8211; Itacir Eloi Sandini, representante do Programa de P\u00f3s-Gradua\u00e7\u00e3o em Ci\u00eancias Veterin\u00e1rias;<\/p>\n<p style=\"text-align: justify\">&#8211; Deonisia Martinichen, representante da Pr\u00f3-Reitoria de Extens\u00e3o e Cultura;<\/p>\n<p style=\"text-align: justify\">&#8211; Leandro Rampim, Chefe da Divis\u00e3o de Agricultura;<\/p>\n<p style=\"text-align: justify\">&#8211; Mikael Neumann, Respons\u00e1vel pela Divis\u00e3o de Pecu\u00e1ria;<\/p>\n<p style=\"text-align: justify\">&#8211; Lu\u00eds Gustavo Correia, acad\u00eamico do curso de Agronomia, representante discente dos cursos de gradua\u00e7\u00e3o e programas de p\u00f3s-gradua\u00e7\u00e3o dos Cursos de Agronomia e Medicina Veterin\u00e1ria.<\/p>\n","protected":false},"excerpt":{"rendered":"<p>Na \u00faltima sexta-feira (10), o Conselho Deliberativo da Fazenda Escola (Confazesc) da Unicentro deu posse a uma nova composi\u00e7\u00e3o de conselheiros para o per\u00edodo de 1\u00ba de fevereiro de 2023 a 31 de janeiro de 2024. Constitu\u00eddo por representantes da Dire\u00e7\u00e3o do C\u00e2mpus Cedeteg, dos departamentos de gradua\u00e7\u00e3o e p\u00f3s-gradua\u00e7\u00e3o das \u00e1reas de Ci\u00eancias Veterin\u00e1rias [&hellip;]<\/p>\n","protected":false},"author":9,"featured_media":2338,"comment_status":"open","ping_status":"open","sticky":false,"template":"","format":"standard","meta":{"_exactmetrics_skip_tracking":false,"_exactmetrics_sitenote_active":false,"_exactmetrics_sitenote_note":"","_exactmetrics_sitenote_category":0,"fifu_image_url":"","fifu_image_alt":"","footnotes":"","_links_to":"","_links_to_target":""},"categories":[8],"tags":[],"class_list":["post-2336","post","type-post","status-publish","format-standard","has-post-thumbnail","hentry","category-noticias"],"_links":{"self":[{"href":"https:\/\/www3.unicentro.br\/cedeteg\/wp-json\/wp\/v2\/posts\/2336","targetHints":{"allow":["GET"]}}],"collection":[{"href":"https:\/\/www3.unicentro.br\/cedeteg\/wp-json\/wp\/v2\/posts"}],"about":[{"href":"https:\/\/www3.unicentro.br\/cedeteg\/wp-json\/wp\/v2\/types\/post"}],"author":[{"embeddable":true,"href":"https:\/\/www3.unicentro.br\/cedeteg\/wp-json\/wp\/v2\/users\/9"}],"replies":[{"embeddable":true,"href":"https:\/\/www3.unicentro.br\/cedeteg\/wp-json\/wp\/v2\/comments?post=2336"}],"version-history":[{"count":0,"href":"https:\/\/www3.unicentro.br\/cedeteg\/wp-json\/wp\/v2\/posts\/2336\/revisions"}],"wp:featuredmedia":[{"embeddable":true,"href":"https:\/\/www3.unicentro.br\/cedeteg\/wp-json\/wp\/v2\/media\/2338"}],"wp:attachment":[{"href":"https:\/\/www3.unicentro.br\/cedeteg\/wp-json\/wp\/v2\/media?parent=2336"}],"wp:term":[{"taxonomy":"category","embeddable":true,"href":"https:\/\/www3.unicentro.br\/cedeteg\/wp-json\/wp\/v2\/categories?post=2336"},{"taxonomy":"post_tag","embeddable":true,"href":"https:\/\/www3.unicentro.br\/cedeteg\/wp-json\/wp\/v2\/tags?post=2336"}],"curies":[{"name":"wp","href":"https:\/\/api.w.org\/{rel}","templated":true}]}}