{"id":2263,"date":"2023-02-16T16:45:36","date_gmt":"2023-02-16T19:45:36","guid":{"rendered":"https:\/\/www3.unicentro.br\/cedeteg\/?p=2263"},"modified":"2023-02-16T16:45:36","modified_gmt":"2023-02-16T19:45:36","slug":"servidores-do-cedeteg-comemoram-20-anos-de-unicentro","status":"publish","type":"post","link":"https:\/\/www3.unicentro.br\/cedeteg\/2023\/02\/16\/servidores-do-cedeteg-comemoram-20-anos-de-unicentro\/","title":{"rendered":"Servidores do Cedeteg comemoram 20 anos de Unicentro"},"content":{"rendered":"<p style=\"text-align: justify\">Na \u00faltima quarta-feira (15), 22 servidores do C\u00e2mpus Cedeteg completaram 20 anos de Unicentro. Para celebrar a data especial, todos os servidores foram convidados para um caf\u00e9 da manh\u00e3 compartilhado, em que cada um traz um prato doce ou salgado, e trocar experi\u00eancias sobre todos esses anos.<\/p>\n<p style=\"text-align: justify\">Nada melhor do que celebrar essa data t\u00e3o simb\u00f3lica com os companheiros das \u00faltimas duas d\u00e9cadas e na sua segunda casa, como considera a agente universit\u00e1ria Neusa Maria Delgado de Souza. Ao longo desse per\u00edodo, Neusa j\u00e1 trabalhou nos dois c\u00e2mpus da Unicentro em Guarapuava e, h\u00e1 13 anos, est\u00e1 \u00e0 frente da secretaria do Programa de P\u00f3s-Gradua\u00e7\u00e3o em Qu\u00edmica. \u201cA minha vida sem a Unicentro n\u00e3o tem nem como imaginar. N\u00e3o tem nem como imaginar, porque \u00e9 uma vida aqui dentro, se dedicando, principalmente, a atender aos alunos, atender aos docentes, formar novos profissionais e aqui eu passo a maior parte do meu dia\u201d, conta.<\/p>\n<p style=\"text-align: justify\">Completando 20 anos como funcion\u00e1ria do setor administrativo, Suellen de F\u00e1tima Egiert j\u00e1 frequenta a Unicentro h\u00e1 mais tempo. Desde os 17 anos na Unicentro, quando estagiava e realizou a inscri\u00e7\u00e3o para o bem-sucedido concurso, Suellen j\u00e1 contribuiu nas secretarias do Departamento de Biologia, do Setor de Ci\u00eancias Agr\u00e1rias e Ambientais e, nos \u00faltimos dez anos, na Dire\u00e7\u00e3o do C\u00e2mpus Cedeteg. Al\u00e9m disso, nesse per\u00edodo, tamb\u00e9m cursou gradua\u00e7\u00e3o e mestrado na institui\u00e7\u00e3o, da qual n\u00e3o se v\u00ea longe. \u201cN\u00e3o d\u00e1 para imaginar, porque eu estudei aqui, fiz gradua\u00e7\u00e3o aqui, fiz mestrado aqui e toda a minha vida profissional foi aqui. E, principalmente, um carinho muito especial pelo C\u00e2mpus Cedeteg, porque meu primeiro emprego foi aqui e estou aqui desde sempre\u201d.<\/p>\n<p style=\"text-align: justify\">Hist\u00f3rias variadas que convergem para um mesmo ideal: o melhor para a Unicentro. Uma institui\u00e7\u00e3o que, nas palavras de muitos, se tornou uma segunda casa e os companheiros de d\u00e9cadas formam uma grande fam\u00edlia. \u201cEu at\u00e9 brinquei que eram bodas de p\u00e9rola, igual \u00e9 no casamento. \u00c0s vezes, na correria do dia a dia, n\u00e3o lembra dessas datas especiais e faz parte da vida da gente tamb\u00e9m comemorar, n\u00e3o s\u00f3 ficar lutando todo dia para resolver os problemas\u201d, disse Suellen.<\/p>\n","protected":false},"excerpt":{"rendered":"<p>Na \u00faltima quarta-feira (15), 22 servidores do C\u00e2mpus Cedeteg completaram 20 anos de Unicentro. Para celebrar a data especial, todos os servidores foram convidados para um caf\u00e9 da manh\u00e3 compartilhado, em que cada um traz um prato doce ou salgado, e trocar experi\u00eancias sobre todos esses anos. Nada melhor do que celebrar essa data t\u00e3o [&hellip;]<\/p>\n","protected":false},"author":9,"featured_media":2264,"comment_status":"open","ping_status":"open","sticky":false,"template":"","format":"standard","meta":{"_exactmetrics_skip_tracking":false,"_exactmetrics_sitenote_active":false,"_exactmetrics_sitenote_note":"","_exactmetrics_sitenote_category":0,"fifu_image_url":"","fifu_image_alt":"","footnotes":"","_links_to":"","_links_to_target":""},"categories":[8],"tags":[],"class_list":["post-2263","post","type-post","status-publish","format-standard","has-post-thumbnail","hentry","category-noticias"],"_links":{"self":[{"href":"https:\/\/www3.unicentro.br\/cedeteg\/wp-json\/wp\/v2\/posts\/2263","targetHints":{"allow":["GET"]}}],"collection":[{"href":"https:\/\/www3.unicentro.br\/cedeteg\/wp-json\/wp\/v2\/posts"}],"about":[{"href":"https:\/\/www3.unicentro.br\/cedeteg\/wp-json\/wp\/v2\/types\/post"}],"author":[{"embeddable":true,"href":"https:\/\/www3.unicentro.br\/cedeteg\/wp-json\/wp\/v2\/users\/9"}],"replies":[{"embeddable":true,"href":"https:\/\/www3.unicentro.br\/cedeteg\/wp-json\/wp\/v2\/comments?post=2263"}],"version-history":[{"count":0,"href":"https:\/\/www3.unicentro.br\/cedeteg\/wp-json\/wp\/v2\/posts\/2263\/revisions"}],"wp:featuredmedia":[{"embeddable":true,"href":"https:\/\/www3.unicentro.br\/cedeteg\/wp-json\/wp\/v2\/media\/2264"}],"wp:attachment":[{"href":"https:\/\/www3.unicentro.br\/cedeteg\/wp-json\/wp\/v2\/media?parent=2263"}],"wp:term":[{"taxonomy":"category","embeddable":true,"href":"https:\/\/www3.unicentro.br\/cedeteg\/wp-json\/wp\/v2\/categories?post=2263"},{"taxonomy":"post_tag","embeddable":true,"href":"https:\/\/www3.unicentro.br\/cedeteg\/wp-json\/wp\/v2\/tags?post=2263"}],"curies":[{"name":"wp","href":"https:\/\/api.w.org\/{rel}","templated":true}]}}