{"id":2023,"date":"2022-10-25T10:26:53","date_gmt":"2022-10-25T13:26:53","guid":{"rendered":"https:\/\/www3.unicentro.br\/cedeteg\/?p=2023"},"modified":"2022-10-27T11:36:47","modified_gmt":"2022-10-27T14:36:47","slug":"participe-da-3a-manha-de-ciencias-campus-cedeteg","status":"publish","type":"post","link":"https:\/\/www3.unicentro.br\/cedeteg\/2022\/10\/25\/participe-da-3a-manha-de-ciencias-campus-cedeteg\/","title":{"rendered":"Participe da 3\u00aa Manh\u00e3 de Ci\u00eancias do C\u00e2mpus Cedeteg"},"content":{"rendered":"<p>No dia 17 de novembro, o C\u00e2mpus Cedeteg da Unicentro realiza a 3\u00aa edi\u00e7\u00e3o da Manh\u00e3 de Ci\u00eancias. O evento \u00e9 sucesso entre os estudantes de col\u00e9gios e escolas de Guarapuava e regi\u00e3o, que t\u00eam a oportunidade de conhecer os cursos ofertados no Cedeteg, aprender sobre projetos e pesquisas realizados no c\u00e2mpus, al\u00e9m de aproveitar a Feira Agroecol\u00f3gica e curtir apresenta\u00e7\u00f5es culturais.<\/p>\n<p>&nbsp;<\/p>\n<p><strong><span style=\"color: #800000\">INFORMA\u00c7\u00d5ES PARA COL\u00c9GIOS E ESCOLAS<\/span><\/strong><\/p>\n<p>1) Para participar, basta a dire\u00e7\u00e3o do col\u00e9gio\/escola confirmar a presen\u00e7a pelo e-mail dircampcedeteg@unicentro.br, informando:<br \/>\n\u2022 Nome completo do col\u00e9gio\/escola.<br \/>\n\u2022 Telefone e e-mail para contato.<br \/>\n\u2022 Professor(es) respons\u00e1vel(eis) por acompanhar a(s) turma(s).<br \/>\n\u2022 Quantidade prevista de alunos que vir\u00e3o ao evento.<\/p>\n<p>2) Pedimos que os estudantes venham uniformizados ao evento, pois isso facilita a identifica\u00e7\u00e3o<br \/>\ndestes no direcionamento e monitoramento das atividades.<\/p>\n<p>3) Endere\u00e7os do C\u00e2mpus Cedeteg:<br \/>\n<strong>Acesso principal e endere\u00e7o oficial &#8211; <\/strong>Alameda \u00c9lio Antonio Dalla Vecchia, no 838, Vila Carli, CEP 85040-167 \u2013 Guarapuava-PR<br \/>\n<strong>Acesso secund\u00e1rio<\/strong> (N\u00e3o \u00e9 permitida a entrada de \u00f4nibus e caminh\u00f5es neste acesso) &#8211; Rua Sime\u00e3o Camargo Varela de S\u00e1, 03, Vila Carli, CEP 85040-080 \u2013 Guarapuava-PR<\/p>\n<p>4) A viabiliza\u00e7\u00e3o e organiza\u00e7\u00e3o do transporte deve ser feita pela pr\u00f3pria escola\/col\u00e9gio, pois o C\u00e2mpus Cedeteg n\u00e3o disponibilizar\u00e1 ve\u00edculos para buscar as turmas.<\/p>\n<p>5) As atividades ocorrer\u00e3o ao ar livre, nas \u00e1reas especificadas no Mapa, abaixo, no interior do C\u00e2mpus Cedeteg.<\/p>\n<p>6) As barracas, tendas e atividades estar\u00e3o identificadas com cartazes e placas.<\/p>\n<p>7) Sugerimos que os visitantes usem cal\u00e7ado confort\u00e1vel e tragam garrafas de \u00e1gua de uso individual para encherem nos bebedouros do c\u00e2mpus.<\/p>\n<p>8) O uso de protetor solar e repelente tamb\u00e9m \u00e9 recomendado, pois o evento ocorrer\u00e1 ao ar livre.<\/p>\n<p>9) A equipe organizadora e os monitores do evento estar\u00e3o identificados com coletes e crach\u00e1s.<\/p>\n<p>10) <strong>Monitores de tr\u00e2nsito orientar\u00e3o os \u00f4nibus e demais ve\u00edculos quanto ao embarque, desembarque e estacionamentos.<\/strong><\/p>\n<p>11) Haver\u00e1 pontos de comercializa\u00e7\u00e3o de lanches e bebidas nas barracas da Feira Agroecol\u00f3gica da Unicentro e no Restaurante Universit\u00e1rio.<\/p>\n<p>12) Em caso de tempo chuvoso, o evento ser\u00e1 adiado e a nova data ser\u00e1 amplamente divulgada.<\/p>\n<p>13) O Restaurante Universit\u00e1rio tamb\u00e9m serve almo\u00e7o, conforme card\u00e1pio e valores dispon\u00edveis <span style=\"color: #800000\"><a style=\"color: #800000\" href=\"https:\/\/www3.unicentro.br\/cedeteg\/servicos-de-restaurante-e-cantina\/\" target=\"_blank\" rel=\"noopener\">aqui<\/a><\/span>.<\/p>\n","protected":false},"excerpt":{"rendered":"<p>Evento aberto para col\u00e9gios e escolas de Guarapuava e regi\u00e3o.<\/p>\n","protected":false},"author":9,"featured_media":2024,"comment_status":"open","ping_status":"open","sticky":false,"template":"","format":"standard","meta":{"_exactmetrics_skip_tracking":false,"_exactmetrics_sitenote_active":false,"_exactmetrics_sitenote_note":"","_exactmetrics_sitenote_category":0,"fifu_image_url":"","fifu_image_alt":"","footnotes":"","_links_to":"","_links_to_target":""},"categories":[8],"tags":[],"class_list":["post-2023","post","type-post","status-publish","format-standard","has-post-thumbnail","hentry","category-noticias"],"_links":{"self":[{"href":"https:\/\/www3.unicentro.br\/cedeteg\/wp-json\/wp\/v2\/posts\/2023","targetHints":{"allow":["GET"]}}],"collection":[{"href":"https:\/\/www3.unicentro.br\/cedeteg\/wp-json\/wp\/v2\/posts"}],"about":[{"href":"https:\/\/www3.unicentro.br\/cedeteg\/wp-json\/wp\/v2\/types\/post"}],"author":[{"embeddable":true,"href":"https:\/\/www3.unicentro.br\/cedeteg\/wp-json\/wp\/v2\/users\/9"}],"replies":[{"embeddable":true,"href":"https:\/\/www3.unicentro.br\/cedeteg\/wp-json\/wp\/v2\/comments?post=2023"}],"version-history":[{"count":0,"href":"https:\/\/www3.unicentro.br\/cedeteg\/wp-json\/wp\/v2\/posts\/2023\/revisions"}],"wp:featuredmedia":[{"embeddable":true,"href":"https:\/\/www3.unicentro.br\/cedeteg\/wp-json\/wp\/v2\/media\/2024"}],"wp:attachment":[{"href":"https:\/\/www3.unicentro.br\/cedeteg\/wp-json\/wp\/v2\/media?parent=2023"}],"wp:term":[{"taxonomy":"category","embeddable":true,"href":"https:\/\/www3.unicentro.br\/cedeteg\/wp-json\/wp\/v2\/categories?post=2023"},{"taxonomy":"post_tag","embeddable":true,"href":"https:\/\/www3.unicentro.br\/cedeteg\/wp-json\/wp\/v2\/tags?post=2023"}],"curies":[{"name":"wp","href":"https:\/\/api.w.org\/{rel}","templated":true}]}}